[{"@context":"https:\/\/schema.org\/","@type":"Article","@id":"https:\/\/www.karaus.cz\/windows-7-bude-jeste-zit\/#Article","mainEntityOfPage":"https:\/\/www.karaus.cz\/windows-7-bude-jeste-zit\/","headline":"Windows 7 bude je\u0161t\u011b \u017e\u00edt","name":"Windows 7 bude je\u0161t\u011b \u017e\u00edt","description":"Ale pozor, nov\u00e1 zv\u011bst se internetov\u00fd sv\u011btem nese, na \u201esedmi\u010dky\u201c bude. I po lednu, kdy maj\u00ed skon\u010dit. Rozum\u011bj leden p\u0159\u00ed\u0161t\u00edho roku. (2020). Tak\u017ee, hur\u00e1, neh\u00e1zejme &hellip; ","datePublished":"2020-09-24","dateModified":"2023-04-29","author":{"@type":"Person","@id":"https:\/\/www.karaus.cz\/author\/#Person","name":"karaus.cz","url":"https:\/\/www.karaus.cz\/author\/","identifier":1,"image":{"@type":"ImageObject","@id":"https:\/\/secure.gravatar.com\/avatar\/48db5b3634ed7a3f1f89bca90f0a2521b0bb3970d57e3653d258d10b0f31fdf3?s=96&d=mm&r=g","url":"https:\/\/secure.gravatar.com\/avatar\/48db5b3634ed7a3f1f89bca90f0a2521b0bb3970d57e3653d258d10b0f31fdf3?s=96&d=mm&r=g","height":96,"width":96}},"publisher":{"@type":"Organization","name":"karaus.cz","logo":{"@type":"ImageObject","@id":"\/logo.png","url":"\/logo.png","width":600,"height":60}},"image":{"@type":"ImageObject","@id":"https:\/\/www.karaus.cz\/wp-content\/uploads\/img_a342337_w2375_t1555163362.jpg","url":"https:\/\/www.karaus.cz\/wp-content\/uploads\/img_a342337_w2375_t1555163362.jpg","height":0,"width":0},"url":"https:\/\/www.karaus.cz\/windows-7-bude-jeste-zit\/","about":["Internet"],"wordCount":399,"articleBody":"Ale pozor, nov\u00e1 zv\u011bst se internetov\u00fd sv\u011btem nese, na \u201esedmi\u010dky\u201c bude. I po lednu, kdy maj\u00ed skon\u010dit. Rozum\u011bj leden p\u0159\u00ed\u0161t\u00edho roku. (2020). Tak\u017ee, hur\u00e1, neh\u00e1zejme \u201esedmi\u010dky\u201c do \u017eita, \u010di snad k\u0159em\u00edkov\u00e9ho nebe. Jen\u017ee, to by nebyl Microsoft Microsoftem, aby nepotvrdil, s odpu\u0161t\u011bn\u00edm jsou nena\u017eranost. Ono to toti\u017e m\u00e1 takov\u00fd malink\u00fd h\u00e1\u010dek. A ne\u0159\u00edkejte, \u017ee z p\u0159edchoz\u00ed v\u011bty jste nepoznali jak\u00fd. To bych v\u00e1m nev\u011b\u0159il.Ano, je to op\u011bt cena. V \u00fanoru byl zve\u0159ejn\u011bn cen\u00edk \u201ez\u00e1plat, oprav, ale hlavn\u011b bezpe\u010dnostn\u00edch updat\u016f\u201c (to v\u0161e v jednom). V tomto cen\u00edku (nev\u00edm pro\u010d si tak \u0159\u00edk\u00e1), nejsou p\u0159esn\u00e9 cifry. Ale daj\u00ed se z n\u011bj odvodit. A zde p\u0159ich\u00e1z\u00ed ke slovu odborn\u00edci. Ti se skoro shodli, a\u017e na n\u011bjak\u00fd ten cent, \u017ee by update o rok m\u011blo st\u00e1t dvacet p\u011bt dolar\u016f. NA del\u0161\u00ed dobu to pr\u00fd nikdo prodlu\u017eovat nebude. Mysl\u00ed si Microsoft. Nu a pokud ano, tak dal\u0161\u00ed rok bude tato \u010d\u00e1stka dvojn\u00e1sobn\u00e1. Chcete t\u0159et\u00ed rok? Zaplat\u00edte ji\u017e dvojn\u00e1sobek p\u0159edchoz\u00ed \u010d\u00e1stky.\u00a0D\u00e1le u\u017e to snad ani net\u0159eba po\u010d\u00edtat, za ta pen\u00edze byste si mohli dovolit asi dvoje WIN des\u00edtky.V cen\u00edku jsou rozpracov\u00e1ny jednotliv\u00e9 verze sedmi\u010dek, proto\u017ee s ka\u017edou to bude jinak. Nejv\u011bt\u0161\u00ed v\u00fdjimky bude m\u00edt asi verze Enterprise. To je verze ur\u010den\u00e1 firemn\u00edm z\u00e1kazn\u00edk\u016fm, kte\u0159\u00ed maj\u00ed uzav\u0159enou multilicen\u010dn\u00ed smlouvu. Nem\u00e1 smysl tyto zm\u011bny ESU zde rozepisovat, jde p\u0159edev\u0161\u00edm o jin\u00e9 \u010d\u00e1stky.Tak\u017ee tato prodlou\u017een\u00e1 podpora, zkr\u00e1cen\u011b ESU, z anglick\u00e9ho Extended Security Updates, bude jist\u011b velmi v\u00edtan\u00ed i pro \u201estarter\u201c verze a dal\u0161\u00ed oby\u010dejn\u00e9 u\u017eivatele. Ka\u017ed\u00fd si jist\u011b po roce prodlou\u017een\u00ed uv\u011bdom\u00ed, \u017ee to prost\u011b nem\u00e1 smysl a \u017ee sedmi\u010dk\u00e1m tak\u00e9 odzvonilo. Stejn\u011b jako XP, tak i tento syst\u00e9m bude pomalu zapad\u00e1vat prachem a zapomn\u011bn\u00edm.Nakonec je\u0161t\u011b p\u0159ipomenu, \u017ee zde s n\u00e1mi pobyly sedmi\u010dky p\u011bkn\u011b dlouho, od ofici\u00e1ln\u00edho data vyd\u00e1n\u00ed 22. \u0159\u00edjna 2009. Nu, za rok jim m\u016f\u017eeme j\u00edt na funus. Tak\u017ee v\u00edtejte u WIN 10.                                                                                                                                                                                                                                                                                                                                                                                        4\/5 - (10 votes)        "},{"@context":"https:\/\/schema.org\/","@type":"BreadcrumbList","itemListElement":[{"@type":"ListItem","position":1,"name":"Windows 7 bude je\u0161t\u011b \u017e\u00edt","item":"https:\/\/www.karaus.cz\/windows-7-bude-jeste-zit\/#breadcrumbitem"}]}]