[{"@context":"https:\/\/schema.org\/","@type":"Article","@id":"https:\/\/www.karaus.cz\/v-kazdem-detskem-pokoji-se-da-najit-dost-prostoru\/#Article","mainEntityOfPage":"https:\/\/www.karaus.cz\/v-kazdem-detskem-pokoji-se-da-najit-dost-prostoru\/","headline":"V ka\u017ed\u00e9m d\u011btsk\u00e9m pokoji se d\u00e1 naj\u00edt dost prostoru","name":"V ka\u017ed\u00e9m d\u011btsk\u00e9m pokoji se d\u00e1 naj\u00edt dost prostoru","description":"Pokud m\u00e1te dv\u011b nebo dokonce v\u00edce d\u011bt\u00ed a k dispozici pouze jednu m\u00edstnost, pak m\u016f\u017ee u za\u0159izov\u00e1n\u00ed pokoje vzniknout skute\u010dn\u011b probl\u00e9m. Ka\u017ed\u00e9 d\u00edt\u011b mus\u00ed m\u00edt &hellip; ","datePublished":"2018-12-21","dateModified":"2023-05-19","author":{"@type":"Person","@id":"https:\/\/www.karaus.cz\/author\/#Person","name":"karaus.cz","url":"https:\/\/www.karaus.cz\/author\/","identifier":1,"image":{"@type":"ImageObject","@id":"https:\/\/secure.gravatar.com\/avatar\/48db5b3634ed7a3f1f89bca90f0a2521b0bb3970d57e3653d258d10b0f31fdf3?s=96&d=mm&r=g","url":"https:\/\/secure.gravatar.com\/avatar\/48db5b3634ed7a3f1f89bca90f0a2521b0bb3970d57e3653d258d10b0f31fdf3?s=96&d=mm&r=g","height":96,"width":96}},"publisher":{"@type":"Organization","name":"karaus.cz","logo":{"@type":"ImageObject","@id":"\/logo.png","url":"\/logo.png","width":600,"height":60}},"image":{"@type":"ImageObject","@id":"https:\/\/www.karaus.cz\/wp-content\/uploads\/img_a333378_w1717_t1546713975.png","url":"https:\/\/www.karaus.cz\/wp-content\/uploads\/img_a333378_w1717_t1546713975.png","height":0,"width":0},"url":"https:\/\/www.karaus.cz\/v-kazdem-detskem-pokoji-se-da-najit-dost-prostoru\/","about":["N\u00e1kupy"],"wordCount":399,"articleBody":"          Pokud m\u00e1te dv\u011b nebo dokonce v\u00edce d\u011bt\u00ed a k dispozici pouze jednu m\u00edstnost, pak m\u016f\u017ee u za\u0159izov\u00e1n\u00ed pokoje vzniknout skute\u010dn\u011b probl\u00e9m. Ka\u017ed\u00e9 d\u00edt\u011b mus\u00ed m\u00edt pochopiteln\u011b svou vlastn\u00ed postel. A ka\u017ed\u00fd z nich by m\u011bl m\u00edt \u00falo\u017en\u00fd prostor pro sv\u00e9 v\u011bci. o Jestli\u017ee do pokoje d\u00e1te dv\u011b postele, k tomu dv\u011b sk\u0159\u00edn\u011b, dva psac\u00ed stoly, pak to tu bude vypadat sp\u00ed\u0161e jako ve skladu. o \u0158e\u0161en\u00edm jsou patrov\u00e9 postele  ide\u00e1ln\u00edch rozm\u011br\u016f, kter\u00e9 p\u0159in\u00e1\u0161ej\u00ed n\u011bkolik velk\u00fdch v\u00fdhod. \u00b7 U\u0161et\u0159\u00edte m\u00edsto za jednu postel, a je\u0161t\u011b k tomu budou m\u00edt va\u0161e d\u011bti dostatek soukrom\u00ed a pohodl\u00ed. \u00b7 \u00dalo\u017en\u00fd prostor pod nimi uspo\u0159\u00ed nejm\u00e9n\u011b jednu sk\u0159\u00ed\u0148. \u00b7 Va\u0161e d\u011bti ocen\u00ed i to, \u017ee se sem v\u011bci dob\u0159e ukl\u00edzej\u00ed. \u00b7 Sta\u010d\u00ed vyt\u00e1hnout prostornou z\u00e1suvku a uklizeno je b\u011bhem n\u011bkolika okam\u017eik\u016f. Zdrav\u00e9 span\u00ed na kvalitn\u00edm l\u016f\u017eku Sou\u010dasn\u00ed v\u00fdrobci interi\u00e9rov\u00e9ho n\u00e1bytku pou\u017e\u00edvaj\u00ed p\u0159\u00edrodn\u00ed materi\u00e1l, kter\u00fdm je borovicov\u00fd masiv. Spojen\u00ed tohoto velice odoln\u00e9ho materi\u00e1lu a kvalitn\u00ed pr\u00e1ce d\u00e1v\u00e1 jistotu, \u017ee tento n\u00e1bytek vydr\u017e\u00ed skute\u010dn\u011b dlouhou dobu. &#8211; Patrovou postel v\u00edtaj\u00ed i rodi\u010de, kte\u0159\u00ed maj\u00ed jedin\u00e1\u010dka. &#8211; Ur\u010dit\u011b si bude cht\u00edt v budoucnu pozvat na p\u0159esp\u00e1n\u00ed n\u011bjak\u00e9ho kamar\u00e1da. &#8211; Odpad\u00e1 probl\u00e9m s t\u00edm, kam ho ulo\u017e\u00edte. Mo\u017en\u00fdch variant je velk\u00e1 \u0159ada a m\u016f\u017eete si tedy vybrat tu, kter\u00e1 se hod\u00ed p\u0159esn\u011b do toho va\u0161eho interi\u00e9ru. \u00b7 Postele z borovicov\u00e9ho masivu se dod\u00e1vaj\u00ed v \u00faprav\u011b p\u0159\u00edrodn\u00ed lakovan\u00e9 nebo b\u00edl\u00e9 lakovan\u00e9. \u00b7 Odst\u00edny jsou &#8211; buk &#8211; dub &#8211; ol\u0161e &#8211; o\u0159ech. Tak\u00e9 je k dispozici \u00faprava v barv\u011b grafit anebo calvados. Povrchov\u00e1 \u00faprava je v\u017edy zdravotn\u011b nez\u00e1vadn\u00e1 a vyhovuj\u00edc\u00ed v\u0161em po\u017eadavk\u016fm na zdrav\u00e9 bydlen\u00ed. Toto \u0159e\u0161en\u00ed je vhodn\u00e9 nejen pro men\u0161\u00ed d\u011bti, ale i teenagery. Je to prost\u011b postel, kter\u00e1 vyhovuje v ka\u017ed\u00e9m v\u011bku a ka\u017ed\u00e9mu nocle\u017en\u00edkovi. A a\u017e va\u0161e d\u011bti vyl\u00e9tnou z hn\u00edzda, budete m\u00edt alespo\u0148 m\u00edsto, kde ubytujete sv\u00e9 n\u00e1v\u0161t\u011bvy.                                                                                                                                                                                                                                                                                                                                                                                           3.7\/5 - (3 votes)        "},{"@context":"https:\/\/schema.org\/","@type":"BreadcrumbList","itemListElement":[{"@type":"ListItem","position":1,"name":"V ka\u017ed\u00e9m d\u011btsk\u00e9m pokoji se d\u00e1 naj\u00edt dost prostoru","item":"https:\/\/www.karaus.cz\/v-kazdem-detskem-pokoji-se-da-najit-dost-prostoru\/#breadcrumbitem"}]}]