[{"@context":"https:\/\/schema.org\/","@type":"Article","@id":"https:\/\/www.karaus.cz\/rodinne-foceni-v-ostrave\/#Article","mainEntityOfPage":"https:\/\/www.karaus.cz\/rodinne-foceni-v-ostrave\/","headline":"Rodinn\u00e9 focen\u00ed v Ostrav\u011b","name":"Rodinn\u00e9 focen\u00ed v Ostrav\u011b","description":"Fotografie &#8211; to je v\u011bda i um\u011bn\u00ed a pom\u00e1h\u00e1 n\u00e1m zachovat si vzpom\u00ednky na uplynul\u00fd \u010das. A nevyu\u017e\u00edv\u00e1 se jen v rodinn\u00fdch albech. Sv\u00e9 uplatn\u011bn\u00ed &hellip; ","datePublished":"2021-10-18","dateModified":"2023-04-29","author":{"@type":"Person","@id":"https:\/\/www.karaus.cz\/author\/#Person","name":"karaus.cz","url":"https:\/\/www.karaus.cz\/author\/","identifier":1,"image":{"@type":"ImageObject","@id":"https:\/\/secure.gravatar.com\/avatar\/48db5b3634ed7a3f1f89bca90f0a2521b0bb3970d57e3653d258d10b0f31fdf3?s=96&d=mm&r=g","url":"https:\/\/secure.gravatar.com\/avatar\/48db5b3634ed7a3f1f89bca90f0a2521b0bb3970d57e3653d258d10b0f31fdf3?s=96&d=mm&r=g","height":96,"width":96}},"publisher":{"@type":"Organization","name":"karaus.cz","logo":{"@type":"ImageObject","@id":"\/logo.png","url":"\/logo.png","width":600,"height":60}},"image":{"@type":"ImageObject","@id":"https:\/\/www.karaus.cz\/wp-content\/uploads\/baby-3109433_960_720.jpg","url":"https:\/\/www.karaus.cz\/wp-content\/uploads\/baby-3109433_960_720.jpg","height":0,"width":0},"url":"https:\/\/www.karaus.cz\/rodinne-foceni-v-ostrave\/","about":["Business"],"wordCount":397,"articleBody":"   Fotografie &#8211; to je v\u011bda i um\u011bn\u00ed a pom\u00e1h\u00e1 n\u00e1m zachovat si vzpom\u00ednky na uplynul\u00fd \u010das. A nevyu\u017e\u00edv\u00e1 se jen v rodinn\u00fdch albech. Sv\u00e9 uplatn\u011bn\u00ed je\u0161t\u011b i dnes nach\u00e1z\u00ed v mnoha oblastech v\u011bdy, v\u00fdroby i obchodu, kriminalistice, v um\u011bn\u00ed, ve filmu a video produkci, v masov\u00e9 komunikaci, aj.Fotografie vznikly spojen\u00edm n\u011bkolika technick\u00fdch objev\u016f \u2013 optiky, kter\u00e1 se zab\u00fdv\u00e1 sv\u011btlem a jeho \u0161\u00ed\u0159en\u00edm v r\u016fzn\u00fdch prost\u0159ed\u00edch a camery obscury (temn\u00e9 komory). Prvn\u00ed pokusy o zachycen\u00ed obrazu prob\u00edhaly kolem roku 1800, av\u0161ak za prvn\u00ed dochovan\u00fd fotografick\u00fd sn\u00edmek je pova\u017eov\u00e1na heliografick\u00e1 kopie rytiny chlapce s kon\u011bm z roku 1825, jej\u00edm\u017e autorem je francouzsk\u00fd vyn\u00e1lezce Joseph Nic\u00e9phore Ni\u00e9pce. Prvn\u00ed fotografie byly \u2013 jak si mnoz\u00ed z n\u00e1s pamatuj\u00ed \u2013 monochromatick\u00e9; barvy se poda\u0159ilo doc\u00edlit mnohem pozd\u011bji. Ale nyn\u00ed ji\u017e od historie k sou\u010dasnosti.Ka\u017ed\u00fd z n\u00e1s m\u00e1 dnes mo\u017enost fotit kdykoliv, kdekoliv a cokoliv. A to bu\u010f modern\u00edmi fotoapar\u00e1ty, anebo prost\u011b mobilem. Jenom\u017ee tyto obr\u00e1zky si zpravidla ukl\u00e1d\u00e1me do po\u010d\u00edta\u010de, anebo na \u201efle\u0161ku\u201c (USB flash disc), m\u00e1lokdy si z nich nech\u00e1v\u00e1me vyrobit skute\u010dn\u00e9 fotky, kter\u00e9 bychom mohli ulo\u017eit do alba. A ta si obvykle rodiny zakl\u00e1daj\u00ed na pam\u00e1tku pro p\u0159\u00ed\u0161t\u00ed generace. A v t\u011bchto p\u0159\u00edpadech nen\u00ed od v\u011bci nav\u0161t\u00edvit fotoateli\u00e9r a sv\u011b\u0159it fotografov\u00e1n\u00ed profesion\u00e1l\u016fm. Pak m\u016f\u017eete zachytit sv\u016fj \u017eivot na kvalitn\u011b zpracovan\u00fdch fotk\u00e1ch, kter\u00e9 pot\u011b\u0161\u00ed va\u0161e d\u011bti i vnou\u010data.A pokud \u017eijete na Severn\u00ed Morav\u011b, m\u016f\u017eete nav\u0161t\u00edvit ateli\u00e9r Vl\u010dek, kter\u00fd v\u00e1m zajist\u00ed rodinn\u00e9 focen\u00ed v Ostrav\u011b. Fotograf Jan Vl\u010dek fot\u00ed svatby, novorozence &#8211; ale tak\u00e9 si \u017eeny mohou nechat zachytit i pr\u016fb\u011bh t\u011bhotenstv\u00ed; d\u011bti i rodinu; portr\u00e9ty i fashion, tabla a \u0161koln\u00ed fotografie; reklamn\u00ed i produktov\u00e9 sn\u00edmky, anebo zachyt\u00ed na sv\u00fdch sn\u00edmc\u00edch report\u00e1\u017ee. Cen\u00edk, kontakty i uk\u00e1zky z bohat\u00e9 tvorby najdete na webov\u00fdch str\u00e1nk\u00e1ch Jana Vl\u010dka. Tak\u00e9 tam naleznete \u0159adu ot\u00e1zek a odpov\u011bd\u00ed, kter\u00e9 by v\u00e1s v souvislosti s focen\u00edm mohly zaj\u00edmat.                                                                                                                                                                                                                                                                                                                                                                                         4.3\/5 - (3 votes)        "},{"@context":"https:\/\/schema.org\/","@type":"BreadcrumbList","itemListElement":[{"@type":"ListItem","position":1,"name":"Rodinn\u00e9 focen\u00ed v Ostrav\u011b","item":"https:\/\/www.karaus.cz\/rodinne-foceni-v-ostrave\/#breadcrumbitem"}]}]