[{"@context":"https:\/\/schema.org\/","@type":"Article","@id":"https:\/\/www.karaus.cz\/radi-bychom-vam-predstavili-spolecnost-selvintech-s-r-o\/#Article","mainEntityOfPage":"https:\/\/www.karaus.cz\/radi-bychom-vam-predstavili-spolecnost-selvintech-s-r-o\/","headline":"R\u00e1di bychom v\u00e1m p\u0159edstavili spole\u010dnost Selvintech s.r.o.","name":"R\u00e1di bychom v\u00e1m p\u0159edstavili spole\u010dnost Selvintech s.r.o.","description":"Doba je v\u0161elijak\u00e1 a my \u010dasto nev\u00edme, komu m\u016f\u017eeme d\u016fv\u011b\u0159ovat, kdo na\u0161i d\u016fv\u011bru nezklame. Na\u0161t\u011bst\u00ed je\u0161t\u011b st\u00e1le existuj\u00ed ale poctiv\u00ed obchodn\u00edci, kte\u0159\u00ed nab\u00edz\u00ed kvalitu za &hellip; ","datePublished":"2023-06-12","dateModified":"2024-06-17","author":{"@type":"Person","@id":"https:\/\/www.karaus.cz\/author\/#Person","name":"karaus.cz","url":"https:\/\/www.karaus.cz\/author\/","identifier":1,"image":{"@type":"ImageObject","@id":"https:\/\/secure.gravatar.com\/avatar\/48db5b3634ed7a3f1f89bca90f0a2521b0bb3970d57e3653d258d10b0f31fdf3?s=96&d=mm&r=g","url":"https:\/\/secure.gravatar.com\/avatar\/48db5b3634ed7a3f1f89bca90f0a2521b0bb3970d57e3653d258d10b0f31fdf3?s=96&d=mm&r=g","height":96,"width":96}},"publisher":{"@type":"Organization","name":"karaus.cz","logo":{"@type":"ImageObject","@id":"\/logo.png","url":"\/logo.png","width":600,"height":60}},"url":"https:\/\/www.karaus.cz\/radi-bychom-vam-predstavili-spolecnost-selvintech-s-r-o\/","wordCount":228,"articleBody":"Doba je v\u0161elijak\u00e1 a my \u010dasto nev\u00edme, komu m\u016f\u017eeme d\u016fv\u011b\u0159ovat, kdo na\u0161i d\u016fv\u011bru nezklame. Na\u0161t\u011bst\u00ed je\u0161t\u011b st\u00e1le existuj\u00ed ale poctiv\u00ed obchodn\u00edci, kte\u0159\u00ed nab\u00edz\u00ed kvalitu za rozumn\u00e9 ceny. Jednou z takov\u00fdch spole\u010dnost\u00ed je i firma Selvintech, kter\u00e1 m\u00e1 pro v\u00e1s p\u0159ipraveny skute\u010dn\u011b n\u00e1dhern\u00e9 dekorace. A co v\u00edc, jsou ru\u010dn\u011b d\u011blan\u00e9, tak\u017ee \u017e\u00e1dn\u00e1 strojov\u00e1 v\u00fdroba. Nic neosobn\u00edho, co m\u016f\u017ee m\u00edt ka\u017ed\u00fd po tun\u00e1ch, proto\u017ee to stroj vychrl\u00ed za p\u00e1r okam\u017eik\u016f. Ne, my v\u00e1m nab\u00eddneme skute\u010dnou osobitou kr\u00e1su, kterou m\u016f\u017eete vylep\u0161it sv\u00e9 interi\u00e9ry.Dokonal\u00e9 a ru\u010dn\u011b d\u011blan\u00e9 dekoraceKdy\u017e si chcete dop\u0159\u00e1t na\u0161ich kr\u00e1sn\u00fdch a kvalitn\u00edch v\u00fdrobk\u016f, nen\u00ed to nic slo\u017eit\u00e9ho. Sta\u010d\u00ed se n\u00e1m ozvat prost\u0159ednictv\u00edm \u010d\u00edsla 605 460 252 nebo pou\u017e\u00edt jeden z na\u0161ich emailov\u00fdch kontakt\u016f. Jak\u00e9 to jsou? Jedn\u00e1 se o selvintech@seznam.cz , pop\u0159\u00edpad\u011b  info@selvintech.cz, kde v\u00e1m r\u00e1di na v\u0161e odpov\u00edme a vy\u0159e\u0161\u00edme s v\u00e1mi ve\u0161ker\u00e9 nejasnosti. Nemus\u00edte se ni\u010deho ob\u00e1vat, kvalitn\u00ed z\u00e1kaznick\u00fd servis je pro n\u00e1s charakteristick\u00fdm rysem. Poskytneme ho s radost\u00ed i v\u00e1m!                                                                                                                                                                                                                                                                                                                                                                                        3.9\/5 - (10 votes)        "},{"@context":"https:\/\/schema.org\/","@type":"BreadcrumbList","itemListElement":[{"@type":"ListItem","position":1,"name":"R\u00e1di bychom v\u00e1m p\u0159edstavili spole\u010dnost Selvintech s.r.o.","item":"https:\/\/www.karaus.cz\/radi-bychom-vam-predstavili-spolecnost-selvintech-s-r-o\/#breadcrumbitem"}]}]