[{"@context":"https:\/\/schema.org\/","@type":"Article","@id":"https:\/\/www.karaus.cz\/proc-tridime-odpad\/#Article","mainEntityOfPage":"https:\/\/www.karaus.cz\/proc-tridime-odpad\/","headline":"Pro\u010d t\u0159\u00edd\u00edme odpad?","name":"Pro\u010d t\u0159\u00edd\u00edme odpad?","description":"Pro zdrav\u00ed a budoucnost. N\u00e1s, na\u0161ich d\u011bt\u00ed, zdrav\u00e9 \u017eivotn\u00ed prost\u0159ed\u00ed.\u00a0K tomu samoz\u0159ejm\u011b pat\u0159\u00ed finance, kter\u00e9 se u\u0161et\u0159\u00ed v\u00a0podob\u011b \u010derp\u00e1n\u00ed energie z\u00a0obnoviteln\u00fdch zdroj\u016f \u2013 p\u0159\u00edrodn\u00edch sil, &hellip; ","datePublished":"2025-03-03","dateModified":"2023-04-29","author":{"@type":"Person","@id":"https:\/\/www.karaus.cz\/author\/#Person","name":"karaus.cz","url":"https:\/\/www.karaus.cz\/author\/","identifier":1,"image":{"@type":"ImageObject","@id":"https:\/\/secure.gravatar.com\/avatar\/48db5b3634ed7a3f1f89bca90f0a2521b0bb3970d57e3653d258d10b0f31fdf3?s=96&d=mm&r=g","url":"https:\/\/secure.gravatar.com\/avatar\/48db5b3634ed7a3f1f89bca90f0a2521b0bb3970d57e3653d258d10b0f31fdf3?s=96&d=mm&r=g","height":96,"width":96}},"publisher":{"@type":"Organization","name":"karaus.cz","logo":{"@type":"ImageObject","@id":"\/logo.png","url":"\/logo.png","width":600,"height":60}},"image":{"@type":"ImageObject","@id":"https:\/\/www.karaus.cz\/wp-content\/uploads\/img_a308610_w2407_t1519677025.jpg","url":"https:\/\/www.karaus.cz\/wp-content\/uploads\/img_a308610_w2407_t1519677025.jpg","height":0,"width":0},"url":"https:\/\/www.karaus.cz\/proc-tridime-odpad\/","about":["Ekonomika"],"wordCount":427,"articleBody":"Pro zdrav\u00ed a budoucnost. N\u00e1s, na\u0161ich d\u011bt\u00ed, zdrav\u00e9 \u017eivotn\u00ed prost\u0159ed\u00ed.\u00a0K tomu samoz\u0159ejm\u011b pat\u0159\u00ed finance, kter\u00e9 se u\u0161et\u0159\u00ed v\u00a0podob\u011b \u010derp\u00e1n\u00ed energie z\u00a0obnoviteln\u00fdch zdroj\u016f \u2013 p\u0159\u00edrodn\u00edch sil, kter\u00e9 jsou pro lidstvo nejstar\u0161\u00edm zdrojem jak tepeln\u00e9, tak elektrick\u00e9 energie. Bez toho si dnes nedok\u00e1\u017eeme p\u0159edstavit \u017eivot. A spot\u0159eba energie je \u010d\u00edm d\u00e1l v\u011bt\u0161\u00ed a bude i nad\u00e1le nar\u016fstat.\u00a0Net\u0159\u00edditeln\u00fd \u2013 sm\u011bsn\u00fd odpad,\u00a0kter\u00fd se odv\u00e1\u017e\u00ed na skl\u00e1dky, stoj\u00ed ro\u010dn\u011b ka\u017edou obec a ka\u017ed\u00e9 m\u011bsto skute\u010dn\u011b velk\u00e9 pen\u00edze. \u00a0Zdra\u017eov\u00e1n\u00ed poplatk\u016f\u00a0za ulo\u017een\u00ed tohoto net\u0159\u00edditeln\u00e9ho odpadu\u00a0(podle novely z\u00e1kona o odpadech a podle vyhl\u00e1\u0161ky ka\u017ed\u00e9 obce) bude ka\u017ed\u00fdm rokem stoupat.\u00a0\u00a0Komun\u00e1ln\u00ed odpad se d\u011bl\u00ed na :\u00b7\u00a0vyu\u017eiteln\u00fd &#8211; podle celorepublikov\u00e9ho pr\u016fzkumu vypl\u00fdv\u00e1, \u017ee vyu\u017eiteln\u00e9ho odpadu je u n\u00e1s a\u017e 80%.\u00b7\u00a0net\u0159\u00edditeln\u00fd (zbytkov\u00fd).\u00a0\u00a0Ka\u017ed\u00e1 obec a ka\u017ed\u00e9 m\u011bsto kv\u016fli zdra\u017eov\u00e1n\u00ed odpad\u016f hled\u00e1 zp\u016fsob, jak u\u0161et\u0159it. D\u00e1 se to jedin\u011b d\u016fkladn\u00fdm t\u0159\u00edd\u011bn\u00edm odpad\u016f. Nap\u0159\u00edklad: v\u0161echny firmy, kter\u00e9 d\u00e1vaj\u00ed na trh sv\u00e9 obaly, mus\u00ed autorizovan\u00e9 obalov\u00e9 spole\u010dnosti (EKO\u00a0\u2013 KOM) zaplatit za recyklaci. Tyto vybran\u00e9 pen\u00edze tato spole\u010dnost pak obc\u00edm rozd\u011bl\u00ed podle dodan\u00e9ho mno\u017estv\u00ed vyt\u0159\u00edd\u011bn\u00fdch a recyklovateln\u00fdch odpad\u016f. Takto ka\u017ed\u00e1 obec dostane zp\u011bt \u010d\u00e1st pen\u011bz, kter\u00e9 zaplatila na n\u00e1klady spojen\u00e9 se svozem t\u0159\u00edd\u011bn\u00fdch odpad\u016f.\u00a0o\u00a0Ned\u00e1 se je\u0161t\u011b \u0159\u00edci, \u017ee t\u0159\u00edd\u00ed odpad v\u0161ichni. Lid\u00e9 to mus\u00ed nejd\u0159\u00edve pochopit a nau\u010dit se to.\u00a0A\u017e to bude pro n\u011b samoz\u0159ejmost\u00ed. Zat\u00edm z\u00a0pr\u016fzkum\u016f vypl\u00fdv\u00e1, \u017ee t\u0159\u00edd\u011bn\u00fd odpad dosahuje p\u0159ibli\u017en\u011b 20%.o\u00a0Ne\u017e se v\u0161ichni nau\u010d\u00ed, \u017ee t\u0159\u00edd\u011bn\u00ed odpadu je nutnost, tak to bude je\u0161t\u011b chv\u00edli trvat. Mus\u00edme k\u00a0tomu v\u00e9st hlavn\u011b na\u0161e d\u011bti.\u00a0V\u00a0na\u0161\u00ed republice je u\u017e v\u00edce obc\u00ed, kter\u00e9 maj\u00ed sv\u00e9 projekty na v\u00fdrobu energie z\u00a0obnoviteln\u00fdch zdroj\u016f. T\u00edm z\u00edskaly nejenom osamostatn\u011bn\u00ed v\u00a0energetice, ale t\u00e9\u017e zlep\u0161en\u00ed kvality \u017eivotn\u00edho prost\u0159ed\u00ed v\u00a0obci a okol\u00ed. V\u00a0n\u00e1vaznosti na t\u0159\u00edd\u011bn\u00fd odpad, kter\u00fd se n\u00e1sledn\u011b recykluje, zaji\u0161\u0165uj\u00ed pot\u0159ebn\u00e9 kontejnery a kompost\u00e9ry na bio-odpad. Toto v\u0161e vede z\u00e1rove\u0148 k v\u011bt\u0161\u00ed zam\u011bstnanosti obyvatel obce a kvalit\u011b jejich \u017eivot\u016f.                                                                                                                                                                                                                                                                                                                                                                                        4.7\/5 - (8 votes)        "},{"@context":"https:\/\/schema.org\/","@type":"BreadcrumbList","itemListElement":[{"@type":"ListItem","position":1,"name":"Pro\u010d t\u0159\u00edd\u00edme odpad?","item":"https:\/\/www.karaus.cz\/proc-tridime-odpad\/#breadcrumbitem"}]}]