[{"@context":"https:\/\/schema.org\/","@type":"Article","@id":"https:\/\/www.karaus.cz\/prirozene-opaleni-po-cely-rok\/#Article","mainEntityOfPage":"https:\/\/www.karaus.cz\/prirozene-opaleni-po-cely-rok\/","headline":"P\u0159irozen\u00e9 op\u00e1len\u00ed po cel\u00fd rok","name":"P\u0159irozen\u00e9 op\u00e1len\u00ed po cel\u00fd rok","description":"B\u00edl\u00e1, mdl\u00e1 a nev\u00fdrazn\u00e1 ple\u0165 \u2013 to nen\u00ed nic pro v\u00e1s? Naopak se c\u00edt\u00edte l\u00e9pe a m\u00e1te v\u011bt\u0161\u00ed sebev\u011bdom\u00ed, kdy\u017e je va\u0161e ple\u0165 dohn\u011bda op\u00e1len\u00e1 &hellip; ","datePublished":"2018-12-26","dateModified":"2023-08-23","author":{"@type":"Person","@id":"https:\/\/www.karaus.cz\/author\/#Person","name":"karaus.cz","url":"https:\/\/www.karaus.cz\/author\/","identifier":1,"image":{"@type":"ImageObject","@id":"https:\/\/secure.gravatar.com\/avatar\/48db5b3634ed7a3f1f89bca90f0a2521b0bb3970d57e3653d258d10b0f31fdf3?s=96&d=mm&r=g","url":"https:\/\/secure.gravatar.com\/avatar\/48db5b3634ed7a3f1f89bca90f0a2521b0bb3970d57e3653d258d10b0f31fdf3?s=96&d=mm&r=g","height":96,"width":96}},"publisher":{"@type":"Organization","name":"karaus.cz","logo":{"@type":"ImageObject","@id":"\/logo.png","url":"\/logo.png","width":600,"height":60}},"image":{"@type":"ImageObject","@id":"https:\/\/www.karaus.cz\/wp-content\/uploads\/img_a333240_w1696_t1546600591.jpg","url":"https:\/\/www.karaus.cz\/wp-content\/uploads\/img_a333240_w1696_t1546600591.jpg","height":0,"width":0},"url":"https:\/\/www.karaus.cz\/prirozene-opaleni-po-cely-rok\/","about":["Technika"],"wordCount":465,"articleBody":"          B\u00edl\u00e1, mdl\u00e1 a nev\u00fdrazn\u00e1 ple\u0165 \u2013 to nen\u00ed nic pro v\u00e1s? Naopak se c\u00edt\u00edte l\u00e9pe a m\u00e1te v\u011bt\u0161\u00ed sebev\u011bdom\u00ed, kdy\u017e je va\u0161e ple\u0165 dohn\u011bda op\u00e1len\u00e1 a rozz\u00e1\u0159en\u00e1? Kr\u00e1sn\u011b op\u00e1len\u00e9 pleti si pov\u011bt\u0161inou u\u017e\u00edv\u00e1me pouze v letn\u00edch m\u011bs\u00edc\u00edch, ale bohu\u017eel k na\u0161\u00ed nelibosti s p\u0159\u00edchodem zimy za\u010d\u00edn\u00e1 toto pracn\u011b z\u00edskan\u00e9 op\u00e1len\u00ed blednout. Co s t\u00edm? Mo\u017enost\u00ed m\u00e1te n\u011bkolik. Jednou z nich je vydat se v zimn\u00edch m\u011bs\u00edc\u00edch na n\u011bjakou tu exotickou dovolenou za teplem, co\u017e m\u016f\u017ee b\u00fdt ov\u0161em finan\u010dn\u011b n\u00e1kladn\u00e9. Nechce se v\u00e1m vyd\u00e1vat tolik pen\u011bz za zimn\u00ed dovolenou a pro op\u00e1lenou poko\u017eku si jezdit k mo\u0159i? Tou\u017e\u00edte po jemn\u00e9m op\u00e1len\u00ed v odst\u00ednu, kter\u00fd bude p\u0159esn\u011b podle va\u0161ich p\u0159edstav? Pak si jednodu\u0161e zajd\u011bte do sol\u00e1rka .A co v\u00e1s p\u0159i n\u00e1v\u0161t\u011bv\u011b v na\u0161em sol\u00e1riu \u010dek\u00e1? \u00b7 p\u0159\u00edjemn\u00e9 prost\u0159ed\u00ed \u00b7 mo\u017enost v\u00fdb\u011bru z horizont\u00e1ln\u00edho a vertik\u00e1ln\u00edho zp\u016fsobu opalov\u00e1n\u00ed (z\u00e1le\u017e\u00ed, co je v\u00e1m pohodln\u011bj\u0161\u00ed a p\u0159\u00edjemn\u011bj\u0161\u00ed) \u00b7 mo\u017enost bu\u010fto se objednat na konkr\u00e9tn\u00ed \u010das nebo p\u0159ij\u00edt i bez objedn\u00e1n\u00ed Necht\u011bjte se vzd\u00e1t kr\u00e1sn\u011b op\u00e1len\u00e9 poko\u017eky ani s p\u0159\u00edchodem chladn\u00fdch zimn\u00edch dn\u016f. D\u00edky pravideln\u00fdm n\u00e1v\u0161t\u011bv\u00e1m v na\u0161em salonu z\u00edsk\u00e1te b\u011bhem p\u00e1r n\u00e1v\u0161t\u011bv svou kr\u00e1sn\u011b op\u00e1lenou poko\u017eku na zp\u011bt, a to za skv\u011blou cenu. Sta\u010d\u00ed jen opalov\u00e1n\u00ed v sol\u00e1riu doplnit speci\u00e1ln\u00ed kosmetikou ur\u010denou pro tuto p\u0159\u00edle\u017eitost a va\u0161e ple\u0165 bude op\u011bt vyza\u0159ovat kr\u00e1su a bude m\u00edt n\u00e1dech proslun\u011bn\u00fdch letn\u00edch dn\u016f.Dejte s kon\u010d\u00edc\u00edm l\u00e9tem sbohem jen kr\u00e1sn\u00fdm tepl\u00fdm dn\u016fm, letn\u00edm \u0161at\u016fm, pobyt\u016fm u vody, ale va\u0161emu op\u00e1len\u00ed nikoliv. S t\u00edm se toti\u017e rozlou\u010dit nemus\u00edte. Pokud jde kr\u00e1sn\u011b dohn\u011bda op\u00e1len\u00e1 ple\u0165 ruku v ruce s va\u0161\u00ed kr\u00e1sou a lep\u0161\u00edm sebev\u011bdom\u00edm, tak pro\u010d tomu tro\u0161ku nepomoci? Navra\u0165te si zp\u011bt va\u0161i letn\u00ed kr\u00e1su. Proto pokud na va\u0161\u00ed poko\u017ece u\u017e nen\u00ed ani pam\u00e1tky po op\u00e1len\u00ed, nev\u00e1hejte a p\u0159ij\u010fte do na\u0161eho salonu, kde va\u0161\u00ed pleti op\u011bt navr\u00e1t\u00edme op\u00e1len\u00fd vzhled podle va\u0161ich p\u0159edstav. U n\u00e1s jste v\u00edt\u00e1ni.                                                                                                                                                                                                                                                                                                                                                                                           3.6\/5 - (7 votes)        "},{"@context":"https:\/\/schema.org\/","@type":"BreadcrumbList","itemListElement":[{"@type":"ListItem","position":1,"name":"P\u0159irozen\u00e9 op\u00e1len\u00ed po cel\u00fd rok","item":"https:\/\/www.karaus.cz\/prirozene-opaleni-po-cely-rok\/#breadcrumbitem"}]}]