[{"@context":"https:\/\/schema.org\/","@type":"Article","@id":"https:\/\/www.karaus.cz\/posledni-vylet\/#Article","mainEntityOfPage":"https:\/\/www.karaus.cz\/posledni-vylet\/","headline":"Posledn\u00ed v\u00fdlet","name":"Posledn\u00ed v\u00fdlet","description":"\u0160koln\u00ed v\u00fdlety v\u017edy byly a jsou okam\u017eiky, na kter\u00e9 se t\u011b\u0161\u00ed rodi\u010de i d\u011bti. Rodi\u010de si od sv\u00fdch ratolest\u00ed alespo\u0148 na chvilku odpo\u010dinou a je &hellip; ","datePublished":"2018-12-14","dateModified":"2023-04-29","author":{"@type":"Person","@id":"https:\/\/www.karaus.cz\/author\/#Person","name":"karaus.cz","url":"https:\/\/www.karaus.cz\/author\/","identifier":1,"image":{"@type":"ImageObject","@id":"https:\/\/secure.gravatar.com\/avatar\/48db5b3634ed7a3f1f89bca90f0a2521b0bb3970d57e3653d258d10b0f31fdf3?s=96&d=mm&r=g","url":"https:\/\/secure.gravatar.com\/avatar\/48db5b3634ed7a3f1f89bca90f0a2521b0bb3970d57e3653d258d10b0f31fdf3?s=96&d=mm&r=g","height":96,"width":96}},"publisher":{"@type":"Organization","name":"karaus.cz","logo":{"@type":"ImageObject","@id":"\/logo.png","url":"\/logo.png","width":600,"height":60}},"image":{"@type":"ImageObject","@id":"https:\/\/www.karaus.cz\/wp-content\/uploads\/img_a331804_w2407_t1544302900.jpg","url":"https:\/\/www.karaus.cz\/wp-content\/uploads\/img_a331804_w2407_t1544302900.jpg","height":0,"width":0},"url":"https:\/\/www.karaus.cz\/posledni-vylet\/","about":["Kultura"],"wordCount":414,"articleBody":"\u0160koln\u00ed v\u00fdlety v\u017edy byly a jsou okam\u017eiky, na kter\u00e9 se t\u011b\u0161\u00ed rodi\u010de i d\u011bti. Rodi\u010de si od sv\u00fdch ratolest\u00ed alespo\u0148 na chvilku odpo\u010dinou a je tomu i naopak, ono nen\u00ed nad z\u00e1\u017eitky str\u00e1ven\u00e9 se sv\u00fdmi kamar\u00e1dy a daleko z dosahu sv\u00fdch otc\u016f a matek. T\u011b\u017eko \u0159\u00edci, zda takto pozitivn\u011b vid\u00ed v\u00fdlety i samotn\u00ed u\u010ditel\u00e9, pro n\u011b je to sice mo\u017enost vid\u011bt sv\u00e9 \u017e\u00e1ky jinak ne\u017e ve \u0161koln\u00edch lavic\u00edch, ale tak\u00e9 se jedn\u00e1 o p\u0159evzet\u00ed velk\u00e9 zodpov\u011bdnosti za spoustu jedinc\u016f, a to hlavn\u011b pokud se jedn\u00e1 o v\u011bk dosp\u00edv\u00e1n\u00ed. Hlavn\u011b ten posledn\u00ed v\u00fdlet, kter\u00fdm se zakon\u010duje povinn\u00e1 \u0161koln\u00ed doch\u00e1zka, by m\u011bl b\u00fdt nezapomenuteln\u00fdm z\u00e1\u017eitkem a m\u011bli by na n\u011bj v\u0161ichni je\u0161t\u011b dlouh\u00e9 roky vzpom\u00ednat . Jak tedy napl\u00e1novat a zorganizovat n\u011bco tak d\u016fle\u017eit\u00e9ho? Hlavn\u011b by to m\u011blo b\u00fdt podle p\u0159edstav toho, kdo se bude v\u00fdletu \u00fa\u010dastnit, c\u00edl cesty by m\u011bl b\u00fdt po vz\u00e1jemn\u00e9 domluv\u011b. Nav\u00edc je to tak\u00e9 ot\u00e1zka finan\u010dn\u00ed, kolik bude kdo ochoten zaplatit.  Pokud chcete m\u00edt v\u00fdlet u\u0161it\u00fd na m\u00edru, sta\u010d\u00ed v\u00e1m se jen rozhodnout, co by m\u011blo b\u00fdt jeho c\u00edlem a ostatn\u00ed organiza\u010dn\u00ed v\u011bci pak ponechat na n\u011bkom, kdo se tomuto v\u011bnuje profesion\u00e1ln\u011b. V\u00fdhodou je, \u017ee organiz\u00e1to\u0159i maj\u00ed d\u00edky sv\u00e9 pr\u00e1ci spoustu osv\u011bd\u010den\u00fdch kontakt\u016f a nav\u00edc na ubytov\u00e1n\u00ed nebo doprav\u011b m\u016f\u017ee uplatnit r\u016fzn\u00e9 slevy a vy tak u\u0161et\u0159it. Postup je takov\u00fd, vybrat lokalitu, zp\u016fsob dopravy, je mo\u017en\u00e9 tak\u00e9 zorganizovat t\u00e9matick\u00fd pobyt, pak p\u0159ich\u00e1z\u00ed na \u0159adu vybrat, jak cestu absolvovat. Tam hraje ur\u010dit\u011b roli vzd\u00e1lenost. Vyu\u017e\u00edt se daj\u00ed vlakov\u00e9 a autobusov\u00e9 spoje, p\u0159\u00edp. nab\u00eddky soukrom\u00fdch dopravc\u016f. N\u011bkdy se m\u016f\u017ee jednat i o dopravu kombinovanou. Tak\u00e9 z\u00e1le\u017e\u00ed na tom, zda chcete b\u00fdt na jenom m\u00edst\u011b nebo se p\u0159esouvat. A co je podstatn\u00e9, kam v noci slo\u017e\u00edte hlavu, tedy ubytov\u00e1n\u00ed, pokud mo\u017eno se stravou. Zaji\u0161\u0165ov\u00e1n\u00ed stravy na cel\u00fd den pro velkou skupinu lid\u00ed nen\u00ed nic jednoduch\u00e9ho, proto je dobr\u00e9 vyu\u017e\u00edt ubytovac\u00edch slu\u017eeb alespo\u0148 s nab\u00eddkou polopenze.                                                                                                                                                                                                                                                                                                                                                                                          4.3\/5 - (13 votes)        "},{"@context":"https:\/\/schema.org\/","@type":"BreadcrumbList","itemListElement":[{"@type":"ListItem","position":1,"name":"Posledn\u00ed v\u00fdlet","item":"https:\/\/www.karaus.cz\/posledni-vylet\/#breadcrumbitem"}]}]