[{"@context":"https:\/\/schema.org\/","@type":"Article","@id":"https:\/\/www.karaus.cz\/poridte-si-skvelou-virtualni-kancelar-praha\/#Article","mainEntityOfPage":"https:\/\/www.karaus.cz\/poridte-si-skvelou-virtualni-kancelar-praha\/","headline":"Po\u0159i\u010fte si skv\u011blou virtu\u00e1ln\u00ed kancel\u00e1\u0159 Praha","name":"Po\u0159i\u010fte si skv\u011blou virtu\u00e1ln\u00ed kancel\u00e1\u0159 Praha","description":"M\u00e1te n\u011bjakou firmu, \u017eivnost nebo p\u0159em\u00fd\u0161l\u00edte o jejich zalo\u017een\u00ed? Se zalo\u017een\u00edm spole\u010dnosti je mnoho pr\u00e1ce a nen\u00ed to v \u017e\u00e1dn\u00e9m p\u0159\u00edpad\u011b jednoduch\u00e1 z\u00e1le\u017eitost! Budete muset &hellip; ","datePublished":"2025-03-10","dateModified":"2025-03-10","author":{"@type":"Person","@id":"https:\/\/www.karaus.cz\/author\/#Person","name":"karaus.cz","url":"https:\/\/www.karaus.cz\/author\/","identifier":1,"image":{"@type":"ImageObject","@id":"https:\/\/secure.gravatar.com\/avatar\/48db5b3634ed7a3f1f89bca90f0a2521b0bb3970d57e3653d258d10b0f31fdf3?s=96&d=mm&r=g","url":"https:\/\/secure.gravatar.com\/avatar\/48db5b3634ed7a3f1f89bca90f0a2521b0bb3970d57e3653d258d10b0f31fdf3?s=96&d=mm&r=g","height":96,"width":96}},"publisher":{"@type":"Organization","name":"karaus.cz","logo":{"@type":"ImageObject","@id":"\/logo.png","url":"\/logo.png","width":600,"height":60}},"url":"https:\/\/www.karaus.cz\/poridte-si-skvelou-virtualni-kancelar-praha\/","wordCount":470,"articleBody":"M\u00e1te n\u011bjakou firmu, \u017eivnost nebo p\u0159em\u00fd\u0161l\u00edte o jejich zalo\u017een\u00ed? Se zalo\u017een\u00edm spole\u010dnosti je mnoho pr\u00e1ce a nen\u00ed to v \u017e\u00e1dn\u00e9m p\u0159\u00edpad\u011b jednoduch\u00e1 z\u00e1le\u017eitost! Budete muset str\u00e1vit mnoho \u010dasu b\u011bh\u00e1n\u00edm po \u00fa\u0159adech a vypl\u0148ov\u00e1n\u00edm zmaten\u00fdch formul\u00e1\u0159\u016f, kter\u00fdm mo\u017en\u00e1 nebudete ani rozum\u011bt! Zalo\u017een\u00ed takov\u00e9 spole\u010dnosti je tedy finan\u010dn\u011b, \u010dasov\u011b i psychicky n\u00e1ro\u010dn\u00e9! A proto v\u00e1m na\u0161e spole\u010dnost nab\u00edz\u00ed ji\u017e hotov\u00e9 ready-made spole\u010dnosti, kter\u00e9 si jednodu\u0161e zakoup\u00edte a m\u00e1te vystar\u00e1no. \u017d\u00e1dn\u00e9 b\u011bh\u00e1n\u00ed po \u00fa\u0159adech ani vypl\u0148ov\u00e1n\u00ed formul\u00e1\u0159\u016f, v\u0161e snadn\u011b a jednodu\u0161e. A\u017e budete vlastn\u00edkem va\u0161\u00ed nov\u00e9 spole\u010dnosti, a je jedno, zda si ji zajist\u00edte sami nebo koup\u00edte ji\u017e hotovou u na\u0161\u00ed firmy, budete ur\u010dit\u011b pot\u0159ebovat i n\u011bjakou kancel\u00e1\u0159 a s\u00eddlo va\u0161\u00ed firmy. Za\u010d\u00e1tky podnik\u00e1n\u00ed jsou velmi n\u00e1ro\u010dn\u00e9 a to hlavn\u011b finan\u010dn\u011b. Proto ch\u00e1peme, \u017ee asi nebudete m\u00edt dal\u0161\u00ed pen\u00edze je\u0161t\u011b na to, abyste si n\u011bkde pronaj\u00edmali kancel\u00e1\u0159. Je to velmi finan\u010dn\u011b n\u00e1ro\u010dn\u00e9. A proto v\u00e1m na\u0161e firma nab\u00edz\u00ed dal\u0161\u00ed skv\u011blou slu\u017ebu, kterou je virtu\u00e1ln\u00ed kancel\u00e1\u0159 Praha, kterou si u n\u00e1s m\u016f\u017eete za minim\u00e1ln\u00ed m\u011bs\u00ed\u010dn\u00ed \u010d\u00e1stku pronajmout!S\u00eddlo spole\u010dnosti v Praze 1 a Praze 2Cht\u011bli byste se tak\u00e9 st\u00e1t vlastn\u00edkem n\u011bjak\u00e9 kancel\u00e1\u0159e pro svou firmu, kam byste mohli zv\u00e1t sv\u00e9 klienty a po\u0159\u00e1dat tam pracovn\u00ed sch\u016fzky a jedn\u00e1n\u00ed? Nem\u00e1te dostate\u010dn\u011b financ\u00ed na to, abyste si platili n\u011bjakou kancel\u00e1\u0159? Po\u0159i\u010fte si virtu\u00e1ln\u00ed kancel\u00e1\u0159 Praha! Za minim\u00e1ln\u00ed m\u011bs\u00ed\u010dn\u00ed poplatek z\u00edsk\u00e1te skv\u011bl\u00e9 prostory v Praze 1 nebo v Praze 2, kde m\u016f\u017eete po\u0159\u00e1dat pracovn\u00ed jedn\u00e1n\u00ed, sch\u016fzky, semin\u00e1\u0159e a dal\u0161\u00ed. V cen\u011b m\u00e1te samoz\u0159ejm\u011b zahrnuto i p\u0159epos\u00edl\u00e1n\u00ed do\u0161l\u00e9 po\u0161ty do va\u0161eho s\u00eddla. Zaji\u0161t\u011bn\u00ed slu\u017ebyvirtu\u00e1ln\u00ed kancel\u00e1\u0159 Prahaa jej\u00ed pron\u00e1jem je samoz\u0159ejm\u011b prov\u00e1d\u011bno v \u00fapln\u00e9m souladu s platnou legislativou, nemus\u00edte m\u00edt v\u016fbec z ni\u010deho obavy. V\u0161e vy\u0159\u00edd\u00edme za v\u00e1s! Nav\u00edc za mal\u00fd poplatek v\u00e1m m\u016f\u017eeme z\u0159\u00eddit i cedulku ke dve\u0159\u00edm k va\u0161\u00ed virtu\u00e1ln\u00ed kancel\u00e1\u0159i, aby tak ka\u017ed\u00fd v\u011bd\u011bl, kdo za nimi s\u00eddl\u00ed a jak\u00e9 slu\u017eby nab\u00edz\u00ed. Nev\u00e1hejte tedy a po\u0159i\u010fte si virtu\u00e1ln\u00ed kancel\u00e1\u0159 v Praze. Uvid\u00edte, \u017ee budete spokojeni a va\u0161e spole\u010dnost bude prosperovat na sou\u010dasn\u00e9m trhu!                                                                                                                                                                                                                                                                                                                                                                                        4\/5 - (3 votes)        "},{"@context":"https:\/\/schema.org\/","@type":"BreadcrumbList","itemListElement":[{"@type":"ListItem","position":1,"name":"Po\u0159i\u010fte si skv\u011blou virtu\u00e1ln\u00ed kancel\u00e1\u0159 Praha","item":"https:\/\/www.karaus.cz\/poridte-si-skvelou-virtualni-kancelar-praha\/#breadcrumbitem"}]}]