[{"@context":"https:\/\/schema.org\/","@type":"Article","@id":"https:\/\/www.karaus.cz\/pokryvka-hlavy-nejen-na-sportovani\/#Article","mainEntityOfPage":"https:\/\/www.karaus.cz\/pokryvka-hlavy-nejen-na-sportovani\/","headline":"Pokr\u00fdvka hlavy nejen na sportov\u00e1n\u00ed","name":"Pokr\u00fdvka hlavy nejen na sportov\u00e1n\u00ed","description":"Po\u010das\u00ed, to je n\u011bco, co nikdy nezm\u011bn\u00edme a tak se s n\u00edm mus\u00edme vyrovnat. Jak to ud\u011blat, kdy\u017e chceme sportovat a zrovna n\u00e1m nedop\u0159\u00e1v\u00e1? Pak &hellip; ","datePublished":"2021-08-21","dateModified":"2023-04-29","author":{"@type":"Person","@id":"https:\/\/www.karaus.cz\/author\/#Person","name":"karaus.cz","url":"https:\/\/www.karaus.cz\/author\/","identifier":1,"image":{"@type":"ImageObject","@id":"https:\/\/secure.gravatar.com\/avatar\/48db5b3634ed7a3f1f89bca90f0a2521b0bb3970d57e3653d258d10b0f31fdf3?s=96&d=mm&r=g","url":"https:\/\/secure.gravatar.com\/avatar\/48db5b3634ed7a3f1f89bca90f0a2521b0bb3970d57e3653d258d10b0f31fdf3?s=96&d=mm&r=g","height":96,"width":96}},"publisher":{"@type":"Organization","name":"karaus.cz","logo":{"@type":"ImageObject","@id":"\/logo.png","url":"\/logo.png","width":600,"height":60}},"image":{"@type":"ImageObject","@id":"https:\/\/www.karaus.cz\/wp-content\/uploads\/j%C3%ADzda%20na%20kole_10_8.jpg","url":"https:\/\/www.karaus.cz\/wp-content\/uploads\/j%C3%ADzda%20na%20kole_10_8.jpg","height":0,"width":0},"url":"https:\/\/www.karaus.cz\/pokryvka-hlavy-nejen-na-sportovani\/","about":["N\u00e1kupy"],"wordCount":434,"articleBody":"        Po\u010das\u00ed, to je n\u011bco, co nikdy nezm\u011bn\u00edme a tak se s n\u00edm mus\u00edme vyrovnat. Jak to ud\u011blat, kdy\u017e chceme sportovat a zrovna n\u00e1m nedop\u0159\u00e1v\u00e1? Pak je pot\u0159eba se dob\u0159e na sportov\u00e1n\u00ed vybavit. Nepodce\u0148ujte s\u00edlu dopl\u0148k\u016f, zejm\u00e9na hlava by m\u011bla b\u00fdt v teple. M\u00edt toti\u017e zmrzl\u00e9 u\u0161i nen\u00ed nic p\u0159\u00edjemn\u00e9ho. A to sam\u00e9 plat\u00ed i o nafouk\u00e1n\u00ed do u\u0161\u00ed nap\u0159\u00edklad na podzim, kdy v\u00edtr dosahuje vysok\u00e9 rychlosti a my jdeme t\u0159eba b\u011bhat, pak by m\u011bla b\u00fdt n\u011bjak\u00e1 pokr\u00fdvka hlavy nezbytn\u00e1.Milujete sport, ale po\u010das\u00ed v\u00e1m ho mnohdy p\u011bkn\u011b znep\u0159\u00edjem\u0148uje? Chyst\u00e1te se ven b\u011bhat, ale za\u010dne extr\u00e9mn\u011b foukat v\u00edtr, jako to zn\u00e1me z pr\u016fb\u011bhu leto\u0161n\u00edho roku, kdy u\u017e n\u00e1s p\u00e1rkr\u00e1t rizikov\u00fd vysok\u00fd faktor v\u011btru nep\u0159\u00edjemn\u011b p\u0159ekvapil? Nebo chcete j\u00edt v zim\u011b na hory si zaly\u017eovat? Jenom\u017ee je venku m\u00ednus p\u00e1r stup\u0148\u016f a co teprve na hor\u00e1ch? Nejlep\u0161\u00edm kamar\u00e1dem v\u00e1m v takov\u00e9m p\u0159\u00edpad\u011b bude \u010depice craft C-store.cz.Tu ocen\u00edte nejenom p\u0159i sportu, ale tak\u00e9 p\u0159i b\u011b\u017en\u00fdch aktivit\u00e1ch, proch\u00e1zk\u00e1ch, nebo i v p\u0159\u00edpad\u011b, \u017ee je velk\u00e1 zima a vy se chyst\u00e1te na n\u00e1kup do obchodu. V\u016fbec si nemus\u00edte s ni\u010d\u00edm d\u011blat starosti, proto\u017ee takov\u00e1to pokr\u00fdvka hlavy uspokojuje sv\u00fdm designem nejenom aktivity na sportov\u00e1n\u00ed, ale tak\u00e9 ty volno\u010dasov\u00e9.Mnoho r\u016fzn\u00fdch podob a styl\u016fV tomto sortimentu je rozhodn\u011b z \u010deho vyb\u00edrat. Existuj\u00ed jak r\u016fzn\u00e9 druhy, tak i r\u016fzn\u00e9 styly a barvy. Pokud si vyb\u00edr\u00e1te speci\u00e1ln\u011b na sport, tak je pot\u0159eba v\u011bnovat pozornost je\u0161t\u011b tomu, do jak\u00e9ho po\u010das\u00ed bude pokr\u00fdvka hlavy slou\u017eit. V p\u0159\u00edpad\u011b, \u017ee pot\u0159ebujete n\u011bjakou jednodu\u0161\u0161\u00ed na podzim nebo na jaro, kdy se n\u00e1m teprve po\u010das\u00ed umoud\u0159uje, pak bohat\u011b posta\u010d\u00ed tenk\u00fd materi\u00e1l, kter\u00fd nen\u00ed zateplen\u00fd silnou vrstvou. Tyto druhy se skv\u011ble hod\u00ed do obdob\u00ed, kdy je\u0161t\u011b nen\u00ed teplo, ale fouk\u00e1 v\u00edtr nebo je n\u00e1m nep\u0159\u00edjemn\u011b, kdy\u017e je zamra\u010deno \u010di de\u0161tivo. Naproti tomu existuj\u00ed druhy zateplen\u00e9, funk\u010dn\u00ed, kter\u00e9 jsou ide\u00e1ln\u00ed nap\u0159\u00edklad na hory, kdy\u017e jdete ly\u017eovat na snowboard, na b\u011b\u017eky \u010di prov\u00e1d\u011bt jak\u00fdkoliv jin\u00fd sport.                                                                                                                                                                                                                                                                                                                                                                                          4.2\/5 - (10 votes)        "},{"@context":"https:\/\/schema.org\/","@type":"BreadcrumbList","itemListElement":[{"@type":"ListItem","position":1,"name":"Pokr\u00fdvka hlavy nejen na sportov\u00e1n\u00ed","item":"https:\/\/www.karaus.cz\/pokryvka-hlavy-nejen-na-sportovani\/#breadcrumbitem"}]}]