[{"@context":"https:\/\/schema.org\/","@type":"Article","@id":"https:\/\/www.karaus.cz\/podnikatelske-uvery-se-kterymi-se-roztrhl-pytel\/#Article","mainEntityOfPage":"https:\/\/www.karaus.cz\/podnikatelske-uvery-se-kterymi-se-roztrhl-pytel\/","headline":"Podnikatelsk\u00e9 \u00fav\u011bry, se kter\u00fdmi se roztrhl pytel","name":"Podnikatelsk\u00e9 \u00fav\u011bry, se kter\u00fdmi se roztrhl pytel","description":"Pat\u0159\u00edte mezi tyto podnikatele? Pot\u0159ebovali byste finan\u010dn\u00ed injekci do sv\u00e9ho podnik\u00e1n\u00ed? Hodily by se n\u011bjak\u00e9 pen\u00edze? V tom p\u0159\u00edpad\u011b mo\u017en\u00e1 p\u0159em\u00fd\u0161l\u00edte nad podnikatelsk\u00fdm \u00fav\u011brem. Americk\u00e1 &hellip; ","datePublished":"2021-02-17","dateModified":"2023-04-29","author":{"@type":"Person","@id":"https:\/\/www.karaus.cz\/author\/#Person","name":"karaus.cz","url":"https:\/\/www.karaus.cz\/author\/","identifier":1,"image":{"@type":"ImageObject","@id":"https:\/\/secure.gravatar.com\/avatar\/48db5b3634ed7a3f1f89bca90f0a2521b0bb3970d57e3653d258d10b0f31fdf3?s=96&d=mm&r=g","url":"https:\/\/secure.gravatar.com\/avatar\/48db5b3634ed7a3f1f89bca90f0a2521b0bb3970d57e3653d258d10b0f31fdf3?s=96&d=mm&r=g","height":96,"width":96}},"publisher":{"@type":"Organization","name":"karaus.cz","logo":{"@type":"ImageObject","@id":"\/logo.png","url":"\/logo.png","width":600,"height":60}},"image":{"@type":"ImageObject","@id":"https:\/\/www.karaus.cz\/wp-content\/uploads\/mu%C5%BE%20notebook_1.jpeg","url":"https:\/\/www.karaus.cz\/wp-content\/uploads\/mu%C5%BE%20notebook_1.jpeg","height":0,"width":0},"url":"https:\/\/www.karaus.cz\/podnikatelske-uvery-se-kterymi-se-roztrhl-pytel\/","about":["Ekonomika"],"wordCount":447,"articleBody":"      Pat\u0159\u00edte mezi tyto podnikatele? Pot\u0159ebovali byste finan\u010dn\u00ed injekci do sv\u00e9ho podnik\u00e1n\u00ed? Hodily by se n\u011bjak\u00e9 pen\u00edze? V tom p\u0159\u00edpad\u011b mo\u017en\u00e1 p\u0159em\u00fd\u0161l\u00edte nad podnikatelsk\u00fdm \u00fav\u011brem. Americk\u00e1 hypot\u00e9ka bez registru nebo hypot\u00e9ka bez dolo\u017een\u00ed p\u0159\u00edjm\u016f, i pod t\u011bmito n\u00e1zvy se \u010dasto vyhled\u00e1vaj\u00ed podnikatelsk\u00e9 \u00fav\u011bru. V\u011bt\u0161inou z toho d\u016fvodu, \u017ee nechceme dokl\u00e1dat p\u0159\u00edjmy a zbyte\u010dn\u011b se zab\u00fdvat administrativou a pap\u00edrov\u00e1n\u00edm, preferujeme \u010dasto p\u0159\u00edm\u011bj\u0161\u00ed p\u0159\u00edstup, a co nejv\u00edce se sna\u017e\u00edme, abychom si pr\u00e1ci zjednodu\u0161ili. Nebo to m\u016f\u017ee b\u00fdt z toho d\u016fvodu, \u017ee nechcete, aby se n\u011bkdo hrabal v registrech, proto\u017ee si nejste jist\u00ed, zdali n\u00e1hodou nem\u00e1te z\u00e1znam, nebo rovnou v\u00edte, \u017ee m\u00e1te a nechcete, aby to byla p\u0159ek\u00e1\u017eka k z\u00edsk\u00e1n\u00ed \u00fav\u011bru. Ano, p\u0159ek\u00e1\u017eka to je, ale pouze v bance. U nebankovn\u00edch spole\u010dnost\u00ed se m\u016f\u017eete setkat s jin\u00fdm p\u0159\u00edstupem.V p\u0159\u00edpad\u011b hypot\u00e9ky se v\u017edy ru\u010d\u00ed nemovitost\u00ed. Z\u00edsk\u00e1te a\u017e 70% jej\u00ed hodnoty s dobou splatnosti nap\u0159\u00edklad a\u017e na 30 let. V\u0161e se p\u0159izp\u016fsobuje individu\u00e1ln\u011b a dle va\u0161ich preferenc\u00ed. Chcete spl\u00e1cet v\u00edce na m\u00e9n\u011b let? Nebo naopak m\u00e9n\u011b na dlouhou dobu? Cokoliv se d\u00e1 za\u0159\u00eddit. V t\u00e9to oblasti jsme profesion\u00e1ln\u00ed spole\u010dnost a dok\u00e1\u017eeme zajistit individu\u00e1ln\u00ed podm\u00ednky.Dal\u0161\u00ed podm\u00ednkou, na kterou se podnikatel\u00e9 hned v z\u00e1p\u011bt\u00ed ptaj\u00ed, je ta, jak je to s dokl\u00e1d\u00e1n\u00edm p\u0159\u00edjm\u016f. Nemus\u00edte se ni\u010deho ob\u00e1vat, \u017e\u00e1dn\u00e9 slo\u017eit\u00e9 pap\u00edrov\u00e1n\u00ed v\u00e1s ani v tomto ohledu ne\u010dek\u00e1. Dokonce se toleruje i n\u00edzk\u00e9 da\u0148ov\u00e9 p\u0159izn\u00e1n\u00ed, tak\u017ee zde nebude \u017e\u00e1dn\u00fd probl\u00e9m.M\u00e1te dluhy nebo exekuce? Ob\u00e1v\u00e1te se, \u017ee kv\u016fli tomu dal\u0161\u00ed p\u016fj\u010dku nez\u00edsk\u00e1te? Nemus\u00ed tomu tak b\u00fdt, pokud prok\u00e1\u017eete, \u017ee m\u00e1te na spl\u00e1cen\u00ed, pak m\u016f\u017eete p\u016fj\u010dku z\u00edskat. Nav\u00edc v\u00e1m m\u016f\u017eeme pomoci se slou\u010den\u00edm p\u016fj\u010dek, takzvanou konsolidac\u00ed nebo s vyplacen\u00edm exekuc\u00ed \u010di jin\u00fdch dluh\u016f. V\u017edy se d\u00e1 n\u011bco d\u011blat.A jak je to s registry? Z\u00e1znam v registru dlu\u017en\u00edk\u016f nebankovn\u00edm spole\u010dnostem nevad\u00ed. Jsme si jist\u00ed, \u017ee to byl p\u0159e\u0161lap, kter\u00fd se u\u017e nemus\u00ed nikdy opakovat. Tak\u017ee proto d\u00e1v\u00e1me \u0161anci i podnikatel\u016fm se z\u00e1znamem.                                                                                                                                                                                                                                                                                                                                                                                          3.8\/5 - (12 votes)        "},{"@context":"https:\/\/schema.org\/","@type":"BreadcrumbList","itemListElement":[{"@type":"ListItem","position":1,"name":"Podnikatelsk\u00e9 \u00fav\u011bry, se kter\u00fdmi se roztrhl pytel","item":"https:\/\/www.karaus.cz\/podnikatelske-uvery-se-kterymi-se-roztrhl-pytel\/#breadcrumbitem"}]}]