[{"@context":"https:\/\/schema.org\/","@type":"Article","@id":"https:\/\/www.karaus.cz\/pocasi-snad-zesilelo\/#Article","mainEntityOfPage":"https:\/\/www.karaus.cz\/pocasi-snad-zesilelo\/","headline":"Po\u010das\u00ed snad ze\u0161\u00edlelo","name":"Po\u010das\u00ed snad ze\u0161\u00edlelo","description":"Tolik lid\u00ed se podivuje nad zm\u011bnami ve venkovn\u00edch teplot\u00e1ch! Zima p\u0159ech\u00e1z\u00ed rovnou do l\u00e9ta a jaro s podzimem? Jako by neexistovaly. Kde jsou ta \u010dty\u0159i &hellip; ","datePublished":"2018-08-07","dateModified":"2023-04-29","author":{"@type":"Person","@id":"https:\/\/www.karaus.cz\/author\/#Person","name":"karaus.cz","url":"https:\/\/www.karaus.cz\/author\/","identifier":1,"image":{"@type":"ImageObject","@id":"https:\/\/secure.gravatar.com\/avatar\/48db5b3634ed7a3f1f89bca90f0a2521b0bb3970d57e3653d258d10b0f31fdf3?s=96&d=mm&r=g","url":"https:\/\/secure.gravatar.com\/avatar\/48db5b3634ed7a3f1f89bca90f0a2521b0bb3970d57e3653d258d10b0f31fdf3?s=96&d=mm&r=g","height":96,"width":96}},"publisher":{"@type":"Organization","name":"karaus.cz","logo":{"@type":"ImageObject","@id":"\/logo.png","url":"\/logo.png","width":600,"height":60}},"image":{"@type":"ImageObject","@id":"https:\/\/www.karaus.cz\/wp-content\/uploads\/img_a323083_w2407_t1534878180.jpg","url":"https:\/\/www.karaus.cz\/wp-content\/uploads\/img_a323083_w2407_t1534878180.jpg","height":0,"width":0},"url":"https:\/\/www.karaus.cz\/pocasi-snad-zesilelo\/","about":["\u017divotn\u00ed styl"],"wordCount":470,"articleBody":"Tolik lid\u00ed se podivuje nad zm\u011bnami ve venkovn\u00edch teplot\u00e1ch! Zima p\u0159ech\u00e1z\u00ed rovnou do l\u00e9ta a jaro s podzimem? Jako by neexistovaly. Kde jsou ta \u010dty\u0159i ro\u010dn\u00ed obdob\u00ed, kter\u00e1 se st\u0159\u00eddala s pravidelnost\u00ed hodinov\u00fdch ru\u010di\u010dek? Kde jsou ty charakteristick\u00e9 znaky jednotliv\u00fdch ro\u010dn\u00edch obdob\u00ed, o kter\u00fdch jsme se u\u010dili ve \u0161kole? Kam se to v\u0161echno pod\u011blo? Co se d\u011bje? Kdy\u017e se venku nehor\u00e1zn\u011b otepl\u00ed. Nebo naopak zima bude praskat ve \u0161vech, m\u016f\u017eeme si pomoci r\u016fzn\u00fdmi vychyt\u00e1vkami v podob\u011b v\u011btr\u00e1k\u016f, ventil\u00e1tor\u016f, klimatizace . Ale co d\u00e1l? Sucha a vedra n\u00e1\u0161 kvalitn\u00ed \u017eivot ohro\u017euje i v daleko v\u011bt\u0161\u00ed m\u00ed\u0159e. Nezvykl\u00e9 klima v na\u0161ich kon\u010din\u00e1ch m\u016f\u017ee m\u00edt daleko zoufalej\u0161\u00ed dopad na \u017eivot v\u016fbec. A nejen v na\u0161ich kon\u010din\u00e1ch. V podstat\u011b na cel\u00e9m sv\u011bt\u011b. To, \u017ee se jedn\u00e1 o skute\u010dn\u011b celosv\u011btov\u00fd probl\u00e9m, mus\u00ed b\u00fdt v\u0161em jasn\u00e9. Sklen\u00edkov\u00fd efekt, glob\u00e1ln\u00ed oteplov\u00e1n\u00ed. Kdo by tyto term\u00edny u\u017e n\u011bkdy nesly\u0161el! I \u010cesk\u00e1 republika p\u0159ijala politiku ochrany klimatu v na\u0161\u00ed zemi. Na celosv\u011btov\u00e9 \u00farovni se zm\u011bn\u00e1m klimatu v\u011bnuje ka\u017ed\u00fd st\u00e1t a ka\u017ed\u00e1 p\u0159\u00edslu\u0161n\u00e1 organizace.  Podle v\u011bdeck\u00fdch studi\u00ed glob\u00e1ln\u00ed oteplov\u00e1n\u00ed v\u00fdrazn\u011b p\u0159isp\u00edv\u00e1 k \u0161\u00ed\u0159en\u00ed probl\u00e9m\u016f, se kter\u00fdmi se lid\u00e9 na cel\u00e9m sv\u011bt\u011b st\u00e1le dokola pot\u00fdkaj\u00ed. Hladomor, extr\u00e9mn\u00ed sucha, povodn\u011b, po\u017e\u00e1ry a v neposledn\u00ed \u0159ad\u011b i v\u00e1lky a migrace vypl\u00fdvaj\u00edc\u00ed z chudoby. A kdo za to m\u016f\u017ee, \u017ee se klima m\u011bn\u00ed? Lidsk\u00e1 \u010dinnost je p\u0159\u00ed\u010dinou zm\u011bny klimatu. O tom u\u017e nen\u00ed pochyb. Jak d\u00e1l? Mo\u017en\u00e1 si to ani neuv\u011bdomujete. Nebo nad t\u00edm nep\u0159em\u00fd\u0161l\u00edte.  \u00b7 Ale dok\u00e1\u017eete p\u0159edv\u00eddat, co se stane, kdy\u017e roztaje ledovec v Gr\u00f3nsku? V\u011bdci propo\u010d\u00edtali, \u017ee hladina mo\u0159\u00ed stoupne o 7 metr\u016f.  \u00b7 Extr\u00e9mn\u00ed vedra zavin\u00ed korozi p\u016fdy. Co to znamen\u00e1, kdy\u017e n\u00e1m p\u016fda poskytuje ob\u017eivu? To si um\u00ed domyslet ka\u017ed\u00fd.  \u00b7 Co ud\u011blaj\u00ed lid\u00e9, kte\u0159\u00ed by v d\u016fsledku koroze p\u016fdy mohli um\u00edrat hladem? Nastane pochopiteln\u00e1 masov\u00e1 migrace cel\u00fdch n\u00e1rod\u016f. A co bude n\u00e1sledkem takov\u00e9 hromadn\u00e9 migrace? Nap\u011bt\u00ed ve v\u0161ech poklidn\u011b si \u017eij\u00edc\u00edch spole\u010dnostech. Jde to zastavit? Pr\u00e1v\u011b proto se jedn\u00e1 o jak\u00e9si z\u00e1chran\u011b klimatu, aby se kontrolovaly hranice ne\u00fanosnosti jeho zm\u011bn. A co kdy\u017e se dostane zm\u011bna klimatu do zm\u011bn nevratn\u00fdch? To nem\u016f\u017eeme dopustit. Neberte na lehkou v\u00e1hu slova o klimatu na\u0161eho sv\u011bta!                                                                                                                                                                                                                                                                                                                                                                                         4.2\/5 - (8 votes)        "},{"@context":"https:\/\/schema.org\/","@type":"BreadcrumbList","itemListElement":[{"@type":"ListItem","position":1,"name":"Po\u010das\u00ed snad ze\u0161\u00edlelo","item":"https:\/\/www.karaus.cz\/pocasi-snad-zesilelo\/#breadcrumbitem"}]}]