[{"@context":"https:\/\/schema.org\/","@type":"Blog","@id":"https:\/\/www.karaus.cz#Blog","headline":"Karaus","description":"\nDok\u00e1\u017eete si p\u0159edstavit \u017eivot bez p\u0159ipojen\u00ed k internetu? T\u011b\u017eko, \u017ee? Ov\u0161em jak se k n\u011bmu p\u0159ipojit co nejide\u00e1ln\u011bji? Jak m\u00edt to nej za nejm\u00e9n\u011b pen\u011bz? My to v\u00edme.","url":"https:\/\/www.karaus.cz","hasPart":[{"@type":"Article","@id":"https:\/\/www.karaus.cz\/zatopte-si-doma\/","headline":"Zatopte si doma","url":"https:\/\/www.karaus.cz\/zatopte-si-doma\/","datePublished":"2024-04-08","dateModified":"2024-04-08","mainEntityOfPage":"https:\/\/www.karaus.cz\/zatopte-si-doma\/","author":{"@type":"Person","@id":"https:\/\/www.karaus.cz\/author\/#Person","name":"karaus.cz","url":"https:\/\/www.karaus.cz\/author\/","identifier":1,"image":{"@type":"ImageObject","@id":"https:\/\/secure.gravatar.com\/avatar\/48db5b3634ed7a3f1f89bca90f0a2521b0bb3970d57e3653d258d10b0f31fdf3?s=96&d=mm&r=g","url":"https:\/\/secure.gravatar.com\/avatar\/48db5b3634ed7a3f1f89bca90f0a2521b0bb3970d57e3653d258d10b0f31fdf3?s=96&d=mm&r=g","height":96,"width":96}},"publisher":{"@type":"Organization","name":"karaus.cz","logo":{"@type":"ImageObject","@id":"\/logo.png","url":"\/logo.png","width":600,"height":60}},"image":null,"wordCount":293,"keywords":null},{"@type":"Article","@id":"https:\/\/www.karaus.cz\/vyuka-cizich-jazyku-prostrednictvim-tech-nejjednodussich-metod-je-tu-pro-vas\/","headline":"V\u00fduka ciz\u00edch jazyk\u016f prost\u0159ednictv\u00edm t\u011bch nejjednodu\u0161\u0161\u00edch metod je tu pro V\u00e1s!","url":"https:\/\/www.karaus.cz\/vyuka-cizich-jazyku-prostrednictvim-tech-nejjednodussich-metod-je-tu-pro-vas\/","datePublished":"2024-03-30","dateModified":"2024-03-30","mainEntityOfPage":"https:\/\/www.karaus.cz\/vyuka-cizich-jazyku-prostrednictvim-tech-nejjednodussich-metod-je-tu-pro-vas\/","author":{"@type":"Person","@id":"https:\/\/www.karaus.cz\/author\/#Person","name":"karaus.cz","url":"https:\/\/www.karaus.cz\/author\/","identifier":1,"image":{"@type":"ImageObject","@id":"https:\/\/secure.gravatar.com\/avatar\/48db5b3634ed7a3f1f89bca90f0a2521b0bb3970d57e3653d258d10b0f31fdf3?s=96&d=mm&r=g","url":"https:\/\/secure.gravatar.com\/avatar\/48db5b3634ed7a3f1f89bca90f0a2521b0bb3970d57e3653d258d10b0f31fdf3?s=96&d=mm&r=g","height":96,"width":96}},"publisher":{"@type":"Organization","name":"karaus.cz","logo":{"@type":"ImageObject","@id":"\/logo.png","url":"\/logo.png","width":600,"height":60}},"image":null,"wordCount":271,"keywords":null},{"@type":"Article","@id":"https:\/\/www.karaus.cz\/mene-pracuj-a-erekce-se-zlepsi\/","headline":"M\u00e9n\u011b pracuj a erekce se zlep\u0161\u00ed","url":"https:\/\/www.karaus.cz\/mene-pracuj-a-erekce-se-zlepsi\/","datePublished":"2024-02-22","dateModified":"2024-05-28","mainEntityOfPage":"https:\/\/www.karaus.cz\/mene-pracuj-a-erekce-se-zlepsi\/","author":{"@type":"Person","@id":"https:\/\/www.karaus.cz\/author\/#Person","name":"karaus.cz","url":"https:\/\/www.karaus.cz\/author\/","identifier":1,"image":{"@type":"ImageObject","@id":"https:\/\/secure.gravatar.com\/avatar\/48db5b3634ed7a3f1f89bca90f0a2521b0bb3970d57e3653d258d10b0f31fdf3?s=96&d=mm&r=g","url":"https:\/\/secure.gravatar.com\/avatar\/48db5b3634ed7a3f1f89bca90f0a2521b0bb3970d57e3653d258d10b0f31fdf3?s=96&d=mm&r=g","height":96,"width":96}},"publisher":{"@type":"Organization","name":"karaus.cz","logo":{"@type":"ImageObject","@id":"\/logo.png","url":"\/logo.png","width":600,"height":60}},"image":{"@type":"ImageObject","@id":"https:\/\/www.karaus.cz\/wp-content\/uploads\/istockphoto-1220131127-612x612_1.jpg","url":"https:\/\/www.karaus.cz\/wp-content\/uploads\/istockphoto-1220131127-612x612_1.jpg","height":0,"width":0},"wordCount":551,"keywords":null},{"@type":"Article","@id":"https:\/\/www.karaus.cz\/kvalitni-multi-tablety-se-vyplati-i-vam\/","headline":"Kvalitn\u00ed multi tablety se vyplat\u00ed i v\u00e1m","url":"https:\/\/www.karaus.cz\/kvalitni-multi-tablety-se-vyplati-i-vam\/","datePublished":"2024-01-27","dateModified":"2024-01-27","mainEntityOfPage":"https:\/\/www.karaus.cz\/kvalitni-multi-tablety-se-vyplati-i-vam\/","author":{"@type":"Person","@id":"https:\/\/www.karaus.cz\/author\/#Person","name":"karaus.cz","url":"https:\/\/www.karaus.cz\/author\/","identifier":1,"image":{"@type":"ImageObject","@id":"https:\/\/secure.gravatar.com\/avatar\/48db5b3634ed7a3f1f89bca90f0a2521b0bb3970d57e3653d258d10b0f31fdf3?s=96&d=mm&r=g","url":"https:\/\/secure.gravatar.com\/avatar\/48db5b3634ed7a3f1f89bca90f0a2521b0bb3970d57e3653d258d10b0f31fdf3?s=96&d=mm&r=g","height":96,"width":96}},"publisher":{"@type":"Organization","name":"karaus.cz","logo":{"@type":"ImageObject","@id":"\/logo.png","url":"\/logo.png","width":600,"height":60}},"image":null,"wordCount":275,"keywords":null},{"@type":"Article","@id":"https:\/\/www.karaus.cz\/domaci-kancelar\/","headline":"Dom\u00e1c\u00ed kancel\u00e1\u0159","url":"https:\/\/www.karaus.cz\/domaci-kancelar\/","datePublished":"2023-12-20","dateModified":"2023-12-20","mainEntityOfPage":"https:\/\/www.karaus.cz\/domaci-kancelar\/","author":{"@type":"Person","@id":"https:\/\/www.karaus.cz\/author\/#Person","name":"karaus.cz","url":"https:\/\/www.karaus.cz\/author\/","identifier":1,"image":{"@type":"ImageObject","@id":"https:\/\/secure.gravatar.com\/avatar\/48db5b3634ed7a3f1f89bca90f0a2521b0bb3970d57e3653d258d10b0f31fdf3?s=96&d=mm&r=g","url":"https:\/\/secure.gravatar.com\/avatar\/48db5b3634ed7a3f1f89bca90f0a2521b0bb3970d57e3653d258d10b0f31fdf3?s=96&d=mm&r=g","height":96,"width":96}},"publisher":{"@type":"Organization","name":"karaus.cz","logo":{"@type":"ImageObject","@id":"\/logo.png","url":"\/logo.png","width":600,"height":60}},"image":null,"wordCount":273,"keywords":null},{"@type":"Article","@id":"https:\/\/www.karaus.cz\/je-potreba-mit-v-poradku-hlavne-ucetnictvi\/","headline":"Je pot\u0159eba m\u00edt v po\u0159\u00e1dku hlavn\u011b \u00fa\u010detnictv\u00ed","url":"https:\/\/www.karaus.cz\/je-potreba-mit-v-poradku-hlavne-ucetnictvi\/","datePublished":"2023-11-19","dateModified":"2024-05-14","mainEntityOfPage":"https:\/\/www.karaus.cz\/je-potreba-mit-v-poradku-hlavne-ucetnictvi\/","author":{"@type":"Person","@id":"https:\/\/www.karaus.cz\/author\/#Person","name":"karaus.cz","url":"https:\/\/www.karaus.cz\/author\/","identifier":1,"image":{"@type":"ImageObject","@id":"https:\/\/secure.gravatar.com\/avatar\/48db5b3634ed7a3f1f89bca90f0a2521b0bb3970d57e3653d258d10b0f31fdf3?s=96&d=mm&r=g","url":"https:\/\/secure.gravatar.com\/avatar\/48db5b3634ed7a3f1f89bca90f0a2521b0bb3970d57e3653d258d10b0f31fdf3?s=96&d=mm&r=g","height":96,"width":96}},"publisher":{"@type":"Organization","name":"karaus.cz","logo":{"@type":"ImageObject","@id":"\/logo.png","url":"\/logo.png","width":600,"height":60}},"image":{"@type":"ImageObject","@id":"https:\/\/www.karaus.cz\/wp-content\/uploads\/money-2724241_1280_3.jpg","url":"https:\/\/www.karaus.cz\/wp-content\/uploads\/money-2724241_1280_3.jpg","height":0,"width":0},"wordCount":552,"keywords":null},{"@type":"Article","@id":"https:\/\/www.karaus.cz\/kdyz-obleceni-tak-od-znacky-wolf\/","headline":"Kdy\u017e oble\u010den\u00ed, tak od zna\u010dky Wolf","url":"https:\/\/www.karaus.cz\/kdyz-obleceni-tak-od-znacky-wolf\/","datePublished":"2023-11-13","dateModified":"2023-11-13","mainEntityOfPage":"https:\/\/www.karaus.cz\/kdyz-obleceni-tak-od-znacky-wolf\/","author":{"@type":"Person","@id":"https:\/\/www.karaus.cz\/author\/#Person","name":"karaus.cz","url":"https:\/\/www.karaus.cz\/author\/","identifier":1,"image":{"@type":"ImageObject","@id":"https:\/\/secure.gravatar.com\/avatar\/48db5b3634ed7a3f1f89bca90f0a2521b0bb3970d57e3653d258d10b0f31fdf3?s=96&d=mm&r=g","url":"https:\/\/secure.gravatar.com\/avatar\/48db5b3634ed7a3f1f89bca90f0a2521b0bb3970d57e3653d258d10b0f31fdf3?s=96&d=mm&r=g","height":96,"width":96}},"publisher":{"@type":"Organization","name":"karaus.cz","logo":{"@type":"ImageObject","@id":"\/logo.png","url":"\/logo.png","width":600,"height":60}},"image":null,"wordCount":259,"keywords":null},{"@type":"Article","@id":"https:\/\/www.karaus.cz\/starosti-jednoho-veku\/","headline":"Starosti jednoho v\u011bku","url":"https:\/\/www.karaus.cz\/starosti-jednoho-veku\/","datePublished":"2023-11-08","dateModified":"2023-11-08","mainEntityOfPage":"https:\/\/www.karaus.cz\/starosti-jednoho-veku\/","author":{"@type":"Person","@id":"https:\/\/www.karaus.cz\/author\/#Person","name":"karaus.cz","url":"https:\/\/www.karaus.cz\/author\/","identifier":1,"image":{"@type":"ImageObject","@id":"https:\/\/secure.gravatar.com\/avatar\/48db5b3634ed7a3f1f89bca90f0a2521b0bb3970d57e3653d258d10b0f31fdf3?s=96&d=mm&r=g","url":"https:\/\/secure.gravatar.com\/avatar\/48db5b3634ed7a3f1f89bca90f0a2521b0bb3970d57e3653d258d10b0f31fdf3?s=96&d=mm&r=g","height":96,"width":96}},"publisher":{"@type":"Organization","name":"karaus.cz","logo":{"@type":"ImageObject","@id":"\/logo.png","url":"\/logo.png","width":600,"height":60}},"image":{"@type":"ImageObject","@id":"https:\/\/www.karaus.cz\/wp-content\/uploads\/bed-1839183_640_10_1.jpg","url":"https:\/\/www.karaus.cz\/wp-content\/uploads\/bed-1839183_640_10_1.jpg","height":0,"width":0},"wordCount":658,"keywords":null},{"@type":"Article","@id":"https:\/\/www.karaus.cz\/zajima-vas-cena-vypinacu-schneider\/","headline":"Zaj\u00edm\u00e1 v\u00e1s cena vyp\u00edna\u010d\u016f Schneider?","url":"https:\/\/www.karaus.cz\/zajima-vas-cena-vypinacu-schneider\/","datePublished":"2023-10-05","dateModified":"2023-10-05","mainEntityOfPage":"https:\/\/www.karaus.cz\/zajima-vas-cena-vypinacu-schneider\/","author":{"@type":"Person","@id":"https:\/\/www.karaus.cz\/author\/#Person","name":"karaus.cz","url":"https:\/\/www.karaus.cz\/author\/","identifier":1,"image":{"@type":"ImageObject","@id":"https:\/\/secure.gravatar.com\/avatar\/48db5b3634ed7a3f1f89bca90f0a2521b0bb3970d57e3653d258d10b0f31fdf3?s=96&d=mm&r=g","url":"https:\/\/secure.gravatar.com\/avatar\/48db5b3634ed7a3f1f89bca90f0a2521b0bb3970d57e3653d258d10b0f31fdf3?s=96&d=mm&r=g","height":96,"width":96}},"publisher":{"@type":"Organization","name":"karaus.cz","logo":{"@type":"ImageObject","@id":"\/logo.png","url":"\/logo.png","width":600,"height":60}},"image":null,"wordCount":289,"keywords":null},{"@type":"Article","@id":"https:\/\/www.karaus.cz\/plachta-k-bazenu\/","headline":"Plachta k baz\u00e9nu","url":"https:\/\/www.karaus.cz\/plachta-k-bazenu\/","datePublished":"2023-08-27","dateModified":"2024-02-09","mainEntityOfPage":"https:\/\/www.karaus.cz\/plachta-k-bazenu\/","author":{"@type":"Person","@id":"https:\/\/www.karaus.cz\/author\/#Person","name":"karaus.cz","url":"https:\/\/www.karaus.cz\/author\/","identifier":1,"image":{"@type":"ImageObject","@id":"https:\/\/secure.gravatar.com\/avatar\/48db5b3634ed7a3f1f89bca90f0a2521b0bb3970d57e3653d258d10b0f31fdf3?s=96&d=mm&r=g","url":"https:\/\/secure.gravatar.com\/avatar\/48db5b3634ed7a3f1f89bca90f0a2521b0bb3970d57e3653d258d10b0f31fdf3?s=96&d=mm&r=g","height":96,"width":96}},"publisher":{"@type":"Organization","name":"karaus.cz","logo":{"@type":"ImageObject","@id":"\/logo.png","url":"\/logo.png","width":600,"height":60}},"image":{"@type":"ImageObject","@id":"https:\/\/www.karaus.cz\/wp-content\/uploads\/slide-3324933_1280.jpg","url":"https:\/\/www.karaus.cz\/wp-content\/uploads\/slide-3324933_1280.jpg","height":0,"width":0},"wordCount":540,"keywords":null}]},{"@context":"https:\/\/schema.org","@type":"WebSite","@id":"https:\/\/www.karaus.cz\/#website","name":"Karaus","url":"https:\/\/www.karaus.cz","potentialAction":{"@type":"SearchAction","target":"https:\/\/www.karaus.cz\/?s={search_term_string}","query-input":"required name=search_term_string"}}]