[{"@context":"https:\/\/schema.org\/","@type":"Blog","@id":"https:\/\/www.karaus.cz#Blog","headline":"Karaus","description":"\nDok\u00e1\u017eete si p\u0159edstavit \u017eivot bez p\u0159ipojen\u00ed k internetu? T\u011b\u017eko, \u017ee? Ov\u0161em jak se k n\u011bmu p\u0159ipojit co nejide\u00e1ln\u011bji? Jak m\u00edt to nej za nejm\u00e9n\u011b pen\u011bz? My to v\u00edme.","url":"https:\/\/www.karaus.cz","hasPart":[{"@type":"Article","@id":"https:\/\/www.karaus.cz\/jak-spravne-pripravit-matchu\/","headline":"Jak spr\u00e1vn\u011b p\u0159ipravit matchu?","url":"https:\/\/www.karaus.cz\/jak-spravne-pripravit-matchu\/","datePublished":"2025-01-21","dateModified":"2025-01-21","mainEntityOfPage":"https:\/\/www.karaus.cz\/jak-spravne-pripravit-matchu\/","author":{"@type":"Person","@id":"https:\/\/www.karaus.cz\/author\/#Person","name":"karaus.cz","url":"https:\/\/www.karaus.cz\/author\/","identifier":1,"image":{"@type":"ImageObject","@id":"https:\/\/secure.gravatar.com\/avatar\/48db5b3634ed7a3f1f89bca90f0a2521b0bb3970d57e3653d258d10b0f31fdf3?s=96&d=mm&r=g","url":"https:\/\/secure.gravatar.com\/avatar\/48db5b3634ed7a3f1f89bca90f0a2521b0bb3970d57e3653d258d10b0f31fdf3?s=96&d=mm&r=g","height":96,"width":96}},"publisher":{"@type":"Organization","name":"karaus.cz","logo":{"@type":"ImageObject","@id":"\/logo.png","url":"\/logo.png","width":600,"height":60}},"image":{"@type":"ImageObject","@id":"https:\/\/www.karaus.cz\/wp-content\/uploads\/matcha-co-pC16vUGYCL4-unsplash_2.jpg","url":"https:\/\/www.karaus.cz\/wp-content\/uploads\/matcha-co-pC16vUGYCL4-unsplash_2.jpg","height":0,"width":0},"wordCount":576,"keywords":null},{"@type":"Article","@id":"https:\/\/www.karaus.cz\/provadime-mechanicke-cisteni-spiralou\/","headline":"Prov\u00e1d\u00edme mechanick\u00e9 \u010di\u0161t\u011bn\u00ed spir\u00e1lou","url":"https:\/\/www.karaus.cz\/provadime-mechanicke-cisteni-spiralou\/","datePublished":"2025-01-18","dateModified":"2025-01-18","mainEntityOfPage":"https:\/\/www.karaus.cz\/provadime-mechanicke-cisteni-spiralou\/","author":{"@type":"Person","@id":"https:\/\/www.karaus.cz\/author\/#Person","name":"karaus.cz","url":"https:\/\/www.karaus.cz\/author\/","identifier":1,"image":{"@type":"ImageObject","@id":"https:\/\/secure.gravatar.com\/avatar\/48db5b3634ed7a3f1f89bca90f0a2521b0bb3970d57e3653d258d10b0f31fdf3?s=96&d=mm&r=g","url":"https:\/\/secure.gravatar.com\/avatar\/48db5b3634ed7a3f1f89bca90f0a2521b0bb3970d57e3653d258d10b0f31fdf3?s=96&d=mm&r=g","height":96,"width":96}},"publisher":{"@type":"Organization","name":"karaus.cz","logo":{"@type":"ImageObject","@id":"\/logo.png","url":"\/logo.png","width":600,"height":60}},"image":null,"wordCount":227,"keywords":null},{"@type":"Article","@id":"https:\/\/www.karaus.cz\/uz-zadna-spatna-nalada\/","headline":"U\u017e \u017e\u00e1dn\u00e1 \u0161patn\u00e1 n\u00e1lada","url":"https:\/\/www.karaus.cz\/uz-zadna-spatna-nalada\/","datePublished":"2025-01-12","dateModified":"2025-01-12","mainEntityOfPage":"https:\/\/www.karaus.cz\/uz-zadna-spatna-nalada\/","author":{"@type":"Person","@id":"https:\/\/www.karaus.cz\/author\/#Person","name":"karaus.cz","url":"https:\/\/www.karaus.cz\/author\/","identifier":1,"image":{"@type":"ImageObject","@id":"https:\/\/secure.gravatar.com\/avatar\/48db5b3634ed7a3f1f89bca90f0a2521b0bb3970d57e3653d258d10b0f31fdf3?s=96&d=mm&r=g","url":"https:\/\/secure.gravatar.com\/avatar\/48db5b3634ed7a3f1f89bca90f0a2521b0bb3970d57e3653d258d10b0f31fdf3?s=96&d=mm&r=g","height":96,"width":96}},"publisher":{"@type":"Organization","name":"karaus.cz","logo":{"@type":"ImageObject","@id":"\/logo.png","url":"\/logo.png","width":600,"height":60}},"image":null,"wordCount":228,"keywords":null},{"@type":"Article","@id":"https:\/\/www.karaus.cz\/co-vede-osvc-k-zrizovani-sidel-v-praze\/","headline":"Co vede OSV\u010c k z\u0159izov\u00e1n\u00ed s\u00eddel v Praze","url":"https:\/\/www.karaus.cz\/co-vede-osvc-k-zrizovani-sidel-v-praze\/","datePublished":"2025-01-11","dateModified":"2025-01-11","mainEntityOfPage":"https:\/\/www.karaus.cz\/co-vede-osvc-k-zrizovani-sidel-v-praze\/","author":{"@type":"Person","@id":"https:\/\/www.karaus.cz\/author\/#Person","name":"karaus.cz","url":"https:\/\/www.karaus.cz\/author\/","identifier":1,"image":{"@type":"ImageObject","@id":"https:\/\/secure.gravatar.com\/avatar\/48db5b3634ed7a3f1f89bca90f0a2521b0bb3970d57e3653d258d10b0f31fdf3?s=96&d=mm&r=g","url":"https:\/\/secure.gravatar.com\/avatar\/48db5b3634ed7a3f1f89bca90f0a2521b0bb3970d57e3653d258d10b0f31fdf3?s=96&d=mm&r=g","height":96,"width":96}},"publisher":{"@type":"Organization","name":"karaus.cz","logo":{"@type":"ImageObject","@id":"\/logo.png","url":"\/logo.png","width":600,"height":60}},"image":{"@type":"ImageObject","@id":"https:\/\/www.karaus.cz\/wp-content\/uploads\/prague-6861273_640_4.jpg","url":"https:\/\/www.karaus.cz\/wp-content\/uploads\/prague-6861273_640_4.jpg","height":0,"width":0},"wordCount":578,"keywords":null},{"@type":"Article","@id":"https:\/\/www.karaus.cz\/akce-slevy-a-novinky\/","headline":"Akce, slevy a novinky","url":"https:\/\/www.karaus.cz\/akce-slevy-a-novinky\/","datePublished":"2025-01-03","dateModified":"2025-01-03","mainEntityOfPage":"https:\/\/www.karaus.cz\/akce-slevy-a-novinky\/","author":{"@type":"Person","@id":"https:\/\/www.karaus.cz\/author\/#Person","name":"karaus.cz","url":"https:\/\/www.karaus.cz\/author\/","identifier":1,"image":{"@type":"ImageObject","@id":"https:\/\/secure.gravatar.com\/avatar\/48db5b3634ed7a3f1f89bca90f0a2521b0bb3970d57e3653d258d10b0f31fdf3?s=96&d=mm&r=g","url":"https:\/\/secure.gravatar.com\/avatar\/48db5b3634ed7a3f1f89bca90f0a2521b0bb3970d57e3653d258d10b0f31fdf3?s=96&d=mm&r=g","height":96,"width":96}},"publisher":{"@type":"Organization","name":"karaus.cz","logo":{"@type":"ImageObject","@id":"\/logo.png","url":"\/logo.png","width":600,"height":60}},"image":null,"wordCount":213,"keywords":null},{"@type":"Article","@id":"https:\/\/www.karaus.cz\/lepsi-schranky-v-cr-nenajdete\/","headline":"Lep\u0161\u00ed schr\u00e1nky v \u010cR nenajdete","url":"https:\/\/www.karaus.cz\/lepsi-schranky-v-cr-nenajdete\/","datePublished":"2024-12-28","dateModified":"2024-12-28","mainEntityOfPage":"https:\/\/www.karaus.cz\/lepsi-schranky-v-cr-nenajdete\/","author":{"@type":"Person","@id":"https:\/\/www.karaus.cz\/author\/#Person","name":"karaus.cz","url":"https:\/\/www.karaus.cz\/author\/","identifier":1,"image":{"@type":"ImageObject","@id":"https:\/\/secure.gravatar.com\/avatar\/48db5b3634ed7a3f1f89bca90f0a2521b0bb3970d57e3653d258d10b0f31fdf3?s=96&d=mm&r=g","url":"https:\/\/secure.gravatar.com\/avatar\/48db5b3634ed7a3f1f89bca90f0a2521b0bb3970d57e3653d258d10b0f31fdf3?s=96&d=mm&r=g","height":96,"width":96}},"publisher":{"@type":"Organization","name":"karaus.cz","logo":{"@type":"ImageObject","@id":"\/logo.png","url":"\/logo.png","width":600,"height":60}},"image":null,"wordCount":214,"keywords":null},{"@type":"Article","@id":"https:\/\/www.karaus.cz\/efektivni-osvetleni\/","headline":"Efektivn\u00ed osv\u011btlen\u00ed","url":"https:\/\/www.karaus.cz\/efektivni-osvetleni\/","datePublished":"2024-12-22","dateModified":"2024-12-22","mainEntityOfPage":"https:\/\/www.karaus.cz\/efektivni-osvetleni\/","author":{"@type":"Person","@id":"https:\/\/www.karaus.cz\/author\/#Person","name":"karaus.cz","url":"https:\/\/www.karaus.cz\/author\/","identifier":1,"image":{"@type":"ImageObject","@id":"https:\/\/secure.gravatar.com\/avatar\/48db5b3634ed7a3f1f89bca90f0a2521b0bb3970d57e3653d258d10b0f31fdf3?s=96&d=mm&r=g","url":"https:\/\/secure.gravatar.com\/avatar\/48db5b3634ed7a3f1f89bca90f0a2521b0bb3970d57e3653d258d10b0f31fdf3?s=96&d=mm&r=g","height":96,"width":96}},"publisher":{"@type":"Organization","name":"karaus.cz","logo":{"@type":"ImageObject","@id":"\/logo.png","url":"\/logo.png","width":600,"height":60}},"image":null,"wordCount":237,"keywords":null},{"@type":"Article","@id":"https:\/\/www.karaus.cz\/poptavka-i-nabidka\/","headline":"Popt\u00e1vka i nab\u00eddka","url":"https:\/\/www.karaus.cz\/poptavka-i-nabidka\/","datePublished":"2024-12-15","dateModified":"2024-12-15","mainEntityOfPage":"https:\/\/www.karaus.cz\/poptavka-i-nabidka\/","author":{"@type":"Person","@id":"https:\/\/www.karaus.cz\/author\/#Person","name":"karaus.cz","url":"https:\/\/www.karaus.cz\/author\/","identifier":1,"image":{"@type":"ImageObject","@id":"https:\/\/secure.gravatar.com\/avatar\/48db5b3634ed7a3f1f89bca90f0a2521b0bb3970d57e3653d258d10b0f31fdf3?s=96&d=mm&r=g","url":"https:\/\/secure.gravatar.com\/avatar\/48db5b3634ed7a3f1f89bca90f0a2521b0bb3970d57e3653d258d10b0f31fdf3?s=96&d=mm&r=g","height":96,"width":96}},"publisher":{"@type":"Organization","name":"karaus.cz","logo":{"@type":"ImageObject","@id":"\/logo.png","url":"\/logo.png","width":600,"height":60}},"image":null,"wordCount":218,"keywords":null},{"@type":"Article","@id":"https:\/\/www.karaus.cz\/kvalitni-obleceni-za-skvele-ceny\/","headline":"Kvalitn\u00ed oble\u010den\u00ed za skv\u011bl\u00e9 ceny","url":"https:\/\/www.karaus.cz\/kvalitni-obleceni-za-skvele-ceny\/","datePublished":"2024-12-07","dateModified":"2024-12-07","mainEntityOfPage":"https:\/\/www.karaus.cz\/kvalitni-obleceni-za-skvele-ceny\/","author":{"@type":"Person","@id":"https:\/\/www.karaus.cz\/author\/#Person","name":"karaus.cz","url":"https:\/\/www.karaus.cz\/author\/","identifier":1,"image":{"@type":"ImageObject","@id":"https:\/\/secure.gravatar.com\/avatar\/48db5b3634ed7a3f1f89bca90f0a2521b0bb3970d57e3653d258d10b0f31fdf3?s=96&d=mm&r=g","url":"https:\/\/secure.gravatar.com\/avatar\/48db5b3634ed7a3f1f89bca90f0a2521b0bb3970d57e3653d258d10b0f31fdf3?s=96&d=mm&r=g","height":96,"width":96}},"publisher":{"@type":"Organization","name":"karaus.cz","logo":{"@type":"ImageObject","@id":"\/logo.png","url":"\/logo.png","width":600,"height":60}},"image":null,"wordCount":278,"keywords":null},{"@type":"Article","@id":"https:\/\/www.karaus.cz\/oblecte-sve-miminko-stylove\/","headline":"Oble\u010dte sv\u00e9 miminko stylov\u011b","url":"https:\/\/www.karaus.cz\/oblecte-sve-miminko-stylove\/","datePublished":"2024-12-01","dateModified":"2024-12-01","mainEntityOfPage":"https:\/\/www.karaus.cz\/oblecte-sve-miminko-stylove\/","author":{"@type":"Person","@id":"https:\/\/www.karaus.cz\/author\/#Person","name":"karaus.cz","url":"https:\/\/www.karaus.cz\/author\/","identifier":1,"image":{"@type":"ImageObject","@id":"https:\/\/secure.gravatar.com\/avatar\/48db5b3634ed7a3f1f89bca90f0a2521b0bb3970d57e3653d258d10b0f31fdf3?s=96&d=mm&r=g","url":"https:\/\/secure.gravatar.com\/avatar\/48db5b3634ed7a3f1f89bca90f0a2521b0bb3970d57e3653d258d10b0f31fdf3?s=96&d=mm&r=g","height":96,"width":96}},"publisher":{"@type":"Organization","name":"karaus.cz","logo":{"@type":"ImageObject","@id":"\/logo.png","url":"\/logo.png","width":600,"height":60}},"image":null,"wordCount":224,"keywords":null}]},{"@context":"https:\/\/schema.org","@type":"WebSite","@id":"https:\/\/www.karaus.cz\/#website","name":"Karaus","url":"https:\/\/www.karaus.cz","potentialAction":{"@type":"SearchAction","target":"https:\/\/www.karaus.cz\/?s={search_term_string}","query-input":"required name=search_term_string"}}]