[{"@context":"https:\/\/schema.org\/","@type":"Blog","@id":"https:\/\/www.karaus.cz#Blog","headline":"Karaus","description":"\nDok\u00e1\u017eete si p\u0159edstavit \u017eivot bez p\u0159ipojen\u00ed k internetu? T\u011b\u017eko, \u017ee? Ov\u0161em jak se k n\u011bmu p\u0159ipojit co nejide\u00e1ln\u011bji? Jak m\u00edt to nej za nejm\u00e9n\u011b pen\u011bz? My to v\u00edme.","url":"https:\/\/www.karaus.cz","hasPart":[{"@type":"Article","@id":"https:\/\/www.karaus.cz\/project-management\/","headline":"Project management","url":"https:\/\/www.karaus.cz\/project-management\/","datePublished":"2025-04-24","dateModified":"2025-04-24","mainEntityOfPage":"https:\/\/www.karaus.cz\/project-management\/","author":{"@type":"Person","@id":"https:\/\/www.karaus.cz\/author\/#Person","name":"karaus.cz","url":"https:\/\/www.karaus.cz\/author\/","identifier":1,"image":{"@type":"ImageObject","@id":"https:\/\/secure.gravatar.com\/avatar\/48db5b3634ed7a3f1f89bca90f0a2521b0bb3970d57e3653d258d10b0f31fdf3?s=96&d=mm&r=g","url":"https:\/\/secure.gravatar.com\/avatar\/48db5b3634ed7a3f1f89bca90f0a2521b0bb3970d57e3653d258d10b0f31fdf3?s=96&d=mm&r=g","height":96,"width":96}},"publisher":{"@type":"Organization","name":"karaus.cz","logo":{"@type":"ImageObject","@id":"\/logo.png","url":"\/logo.png","width":600,"height":60}},"image":null,"wordCount":242,"keywords":null},{"@type":"Article","@id":"https:\/\/www.karaus.cz\/svicky\/","headline":"Sv\u00ed\u010dky","url":"https:\/\/www.karaus.cz\/svicky\/","datePublished":"2025-04-17","dateModified":"2025-04-17","mainEntityOfPage":"https:\/\/www.karaus.cz\/svicky\/","author":{"@type":"Person","@id":"https:\/\/www.karaus.cz\/author\/#Person","name":"karaus.cz","url":"https:\/\/www.karaus.cz\/author\/","identifier":1,"image":{"@type":"ImageObject","@id":"https:\/\/secure.gravatar.com\/avatar\/48db5b3634ed7a3f1f89bca90f0a2521b0bb3970d57e3653d258d10b0f31fdf3?s=96&d=mm&r=g","url":"https:\/\/secure.gravatar.com\/avatar\/48db5b3634ed7a3f1f89bca90f0a2521b0bb3970d57e3653d258d10b0f31fdf3?s=96&d=mm&r=g","height":96,"width":96}},"publisher":{"@type":"Organization","name":"karaus.cz","logo":{"@type":"ImageObject","@id":"\/logo.png","url":"\/logo.png","width":600,"height":60}},"image":null,"wordCount":216,"keywords":null},{"@type":"Article","@id":"https:\/\/www.karaus.cz\/proc-si-doprat-dovolenou-ve-vranove-nad-dyji\/","headline":"Pro\u010d si dop\u0159\u00e1t dovolenou ve Vranov\u011b nad Dyj\u00ed","url":"https:\/\/www.karaus.cz\/proc-si-doprat-dovolenou-ve-vranove-nad-dyji\/","datePublished":"2025-04-14","dateModified":"2025-04-14","mainEntityOfPage":"https:\/\/www.karaus.cz\/proc-si-doprat-dovolenou-ve-vranove-nad-dyji\/","author":{"@type":"Person","@id":"https:\/\/www.karaus.cz\/author\/#Person","name":"karaus.cz","url":"https:\/\/www.karaus.cz\/author\/","identifier":1,"image":{"@type":"ImageObject","@id":"https:\/\/secure.gravatar.com\/avatar\/48db5b3634ed7a3f1f89bca90f0a2521b0bb3970d57e3653d258d10b0f31fdf3?s=96&d=mm&r=g","url":"https:\/\/secure.gravatar.com\/avatar\/48db5b3634ed7a3f1f89bca90f0a2521b0bb3970d57e3653d258d10b0f31fdf3?s=96&d=mm&r=g","height":96,"width":96}},"publisher":{"@type":"Organization","name":"karaus.cz","logo":{"@type":"ImageObject","@id":"\/logo.png","url":"\/logo.png","width":600,"height":60}},"image":{"@type":"ImageObject","@id":"https:\/\/www.karaus.cz\/wp-content\/uploads\/vranov-dam-1232180_640_10_10_7.jpg","url":"https:\/\/www.karaus.cz\/wp-content\/uploads\/vranov-dam-1232180_640_10_10_7.jpg","height":0,"width":0},"wordCount":556,"keywords":null},{"@type":"Article","@id":"https:\/\/www.karaus.cz\/vas-mlsny-jazycek-si-u-nas-prijde-na-sve\/","headline":"V\u00e1\u0161 mlsn\u00fd jaz\u00fd\u010dek si u n\u00e1s p\u0159ijde na sv\u00e9","url":"https:\/\/www.karaus.cz\/vas-mlsny-jazycek-si-u-nas-prijde-na-sve\/","datePublished":"2025-04-13","dateModified":"2025-04-13","mainEntityOfPage":"https:\/\/www.karaus.cz\/vas-mlsny-jazycek-si-u-nas-prijde-na-sve\/","author":{"@type":"Person","@id":"https:\/\/www.karaus.cz\/author\/#Person","name":"karaus.cz","url":"https:\/\/www.karaus.cz\/author\/","identifier":1,"image":{"@type":"ImageObject","@id":"https:\/\/secure.gravatar.com\/avatar\/48db5b3634ed7a3f1f89bca90f0a2521b0bb3970d57e3653d258d10b0f31fdf3?s=96&d=mm&r=g","url":"https:\/\/secure.gravatar.com\/avatar\/48db5b3634ed7a3f1f89bca90f0a2521b0bb3970d57e3653d258d10b0f31fdf3?s=96&d=mm&r=g","height":96,"width":96}},"publisher":{"@type":"Organization","name":"karaus.cz","logo":{"@type":"ImageObject","@id":"\/logo.png","url":"\/logo.png","width":600,"height":60}},"image":null,"wordCount":233,"keywords":null},{"@type":"Article","@id":"https:\/\/www.karaus.cz\/do-nove-postele-patri-i-nova-zdravotni-matrace\/","headline":"Do nov\u00e9 postele pat\u0159\u00ed i nov\u00e1 zdravotn\u00ed matrace","url":"https:\/\/www.karaus.cz\/do-nove-postele-patri-i-nova-zdravotni-matrace\/","datePublished":"2025-04-03","dateModified":"2025-04-03","mainEntityOfPage":"https:\/\/www.karaus.cz\/do-nove-postele-patri-i-nova-zdravotni-matrace\/","author":{"@type":"Person","@id":"https:\/\/www.karaus.cz\/author\/#Person","name":"karaus.cz","url":"https:\/\/www.karaus.cz\/author\/","identifier":1,"image":{"@type":"ImageObject","@id":"https:\/\/secure.gravatar.com\/avatar\/48db5b3634ed7a3f1f89bca90f0a2521b0bb3970d57e3653d258d10b0f31fdf3?s=96&d=mm&r=g","url":"https:\/\/secure.gravatar.com\/avatar\/48db5b3634ed7a3f1f89bca90f0a2521b0bb3970d57e3653d258d10b0f31fdf3?s=96&d=mm&r=g","height":96,"width":96}},"publisher":{"@type":"Organization","name":"karaus.cz","logo":{"@type":"ImageObject","@id":"\/logo.png","url":"\/logo.png","width":600,"height":60}},"image":null,"wordCount":260,"keywords":null},{"@type":"Article","@id":"https:\/\/www.karaus.cz\/selfie-jsou-dnes-bezna-vec\/","headline":"Selfie jsou dnes b\u011b\u017en\u00e1 v\u011bc","url":"https:\/\/www.karaus.cz\/selfie-jsou-dnes-bezna-vec\/","datePublished":"2025-03-29","dateModified":"2025-03-29","mainEntityOfPage":"https:\/\/www.karaus.cz\/selfie-jsou-dnes-bezna-vec\/","author":{"@type":"Person","@id":"https:\/\/www.karaus.cz\/author\/#Person","name":"karaus.cz","url":"https:\/\/www.karaus.cz\/author\/","identifier":1,"image":{"@type":"ImageObject","@id":"https:\/\/secure.gravatar.com\/avatar\/48db5b3634ed7a3f1f89bca90f0a2521b0bb3970d57e3653d258d10b0f31fdf3?s=96&d=mm&r=g","url":"https:\/\/secure.gravatar.com\/avatar\/48db5b3634ed7a3f1f89bca90f0a2521b0bb3970d57e3653d258d10b0f31fdf3?s=96&d=mm&r=g","height":96,"width":96}},"publisher":{"@type":"Organization","name":"karaus.cz","logo":{"@type":"ImageObject","@id":"\/logo.png","url":"\/logo.png","width":600,"height":60}},"image":{"@type":"ImageObject","@id":"https:\/\/www.karaus.cz\/wp-content\/uploads\/s_10_10_10_10_10_10_10_8.jpg","url":"https:\/\/www.karaus.cz\/wp-content\/uploads\/s_10_10_10_10_10_10_10_8.jpg","height":0,"width":0},"wordCount":594,"keywords":null},{"@type":"Article","@id":"https:\/\/www.karaus.cz\/elektronicke-cigarety\/","headline":"Elektronick\u00e9 cigarety","url":"https:\/\/www.karaus.cz\/elektronicke-cigarety\/","datePublished":"2025-03-27","dateModified":"2025-03-27","mainEntityOfPage":"https:\/\/www.karaus.cz\/elektronicke-cigarety\/","author":{"@type":"Person","@id":"https:\/\/www.karaus.cz\/author\/#Person","name":"karaus.cz","url":"https:\/\/www.karaus.cz\/author\/","identifier":1,"image":{"@type":"ImageObject","@id":"https:\/\/secure.gravatar.com\/avatar\/48db5b3634ed7a3f1f89bca90f0a2521b0bb3970d57e3653d258d10b0f31fdf3?s=96&d=mm&r=g","url":"https:\/\/secure.gravatar.com\/avatar\/48db5b3634ed7a3f1f89bca90f0a2521b0bb3970d57e3653d258d10b0f31fdf3?s=96&d=mm&r=g","height":96,"width":96}},"publisher":{"@type":"Organization","name":"karaus.cz","logo":{"@type":"ImageObject","@id":"\/logo.png","url":"\/logo.png","width":600,"height":60}},"image":null,"wordCount":228,"keywords":null},{"@type":"Article","@id":"https:\/\/www.karaus.cz\/uz-vas-nebavi-vase-stara-rozvrzana-a-takrka-staleta-okna\/","headline":"U\u017e v\u00e1s nebav\u00ed va\u0161e star\u00e1, rozvrzan\u00e1 a tak\u0159ka stalet\u00e1 okna?","url":"https:\/\/www.karaus.cz\/uz-vas-nebavi-vase-stara-rozvrzana-a-takrka-staleta-okna\/","datePublished":"2025-03-18","dateModified":"2025-03-18","mainEntityOfPage":"https:\/\/www.karaus.cz\/uz-vas-nebavi-vase-stara-rozvrzana-a-takrka-staleta-okna\/","author":{"@type":"Person","@id":"https:\/\/www.karaus.cz\/author\/#Person","name":"karaus.cz","url":"https:\/\/www.karaus.cz\/author\/","identifier":1,"image":{"@type":"ImageObject","@id":"https:\/\/secure.gravatar.com\/avatar\/48db5b3634ed7a3f1f89bca90f0a2521b0bb3970d57e3653d258d10b0f31fdf3?s=96&d=mm&r=g","url":"https:\/\/secure.gravatar.com\/avatar\/48db5b3634ed7a3f1f89bca90f0a2521b0bb3970d57e3653d258d10b0f31fdf3?s=96&d=mm&r=g","height":96,"width":96}},"publisher":{"@type":"Organization","name":"karaus.cz","logo":{"@type":"ImageObject","@id":"\/logo.png","url":"\/logo.png","width":600,"height":60}},"image":null,"wordCount":223,"keywords":null},{"@type":"Article","@id":"https:\/\/www.karaus.cz\/poridte-si-skvelou-virtualni-kancelar-praha\/","headline":"Po\u0159i\u010fte si skv\u011blou virtu\u00e1ln\u00ed kancel\u00e1\u0159 Praha","url":"https:\/\/www.karaus.cz\/poridte-si-skvelou-virtualni-kancelar-praha\/","datePublished":"2025-03-10","dateModified":"2025-03-10","mainEntityOfPage":"https:\/\/www.karaus.cz\/poridte-si-skvelou-virtualni-kancelar-praha\/","author":{"@type":"Person","@id":"https:\/\/www.karaus.cz\/author\/#Person","name":"karaus.cz","url":"https:\/\/www.karaus.cz\/author\/","identifier":1,"image":{"@type":"ImageObject","@id":"https:\/\/secure.gravatar.com\/avatar\/48db5b3634ed7a3f1f89bca90f0a2521b0bb3970d57e3653d258d10b0f31fdf3?s=96&d=mm&r=g","url":"https:\/\/secure.gravatar.com\/avatar\/48db5b3634ed7a3f1f89bca90f0a2521b0bb3970d57e3653d258d10b0f31fdf3?s=96&d=mm&r=g","height":96,"width":96}},"publisher":{"@type":"Organization","name":"karaus.cz","logo":{"@type":"ImageObject","@id":"\/logo.png","url":"\/logo.png","width":600,"height":60}},"image":null,"wordCount":516,"keywords":null},{"@type":"Article","@id":"https:\/\/www.karaus.cz\/opravdu-ridi-hvezdy-nase-zdravi\/","headline":"Opravdu \u0159\u00edd\u00ed hv\u011bzdy na\u0161e zdrav\u00ed?","url":"https:\/\/www.karaus.cz\/opravdu-ridi-hvezdy-nase-zdravi\/","datePublished":"2025-03-06","dateModified":"2023-04-29","mainEntityOfPage":"https:\/\/www.karaus.cz\/opravdu-ridi-hvezdy-nase-zdravi\/","author":{"@type":"Person","@id":"https:\/\/www.karaus.cz\/author\/#Person","name":"karaus.cz","url":"https:\/\/www.karaus.cz\/author\/","identifier":1,"image":{"@type":"ImageObject","@id":"https:\/\/secure.gravatar.com\/avatar\/48db5b3634ed7a3f1f89bca90f0a2521b0bb3970d57e3653d258d10b0f31fdf3?s=96&d=mm&r=g","url":"https:\/\/secure.gravatar.com\/avatar\/48db5b3634ed7a3f1f89bca90f0a2521b0bb3970d57e3653d258d10b0f31fdf3?s=96&d=mm&r=g","height":96,"width":96}},"publisher":{"@type":"Organization","name":"karaus.cz","logo":{"@type":"ImageObject","@id":"\/logo.png","url":"\/logo.png","width":600,"height":60}},"image":{"@type":"ImageObject","@id":"https:\/\/www.karaus.cz\/wp-content\/uploads\/img_a303676_w2407_t1514323981.jpg","url":"https:\/\/www.karaus.cz\/wp-content\/uploads\/img_a303676_w2407_t1514323981.jpg","height":0,"width":0},"wordCount":740,"keywords":null}]},{"@context":"https:\/\/schema.org","@type":"WebSite","@id":"https:\/\/www.karaus.cz\/#website","name":"Karaus","url":"https:\/\/www.karaus.cz","potentialAction":{"@type":"SearchAction","target":"https:\/\/www.karaus.cz\/?s={search_term_string}","query-input":"required name=search_term_string"}}]