[{"@context":"https:\/\/schema.org\/","@type":"Blog","@id":"https:\/\/www.karaus.cz#Blog","headline":"Karaus","description":"\nDok\u00e1\u017eete si p\u0159edstavit \u017eivot bez p\u0159ipojen\u00ed k internetu? T\u011b\u017eko, \u017ee? Ov\u0161em jak se k n\u011bmu p\u0159ipojit co nejide\u00e1ln\u011bji? Jak m\u00edt to nej za nejm\u00e9n\u011b pen\u011bz? My to v\u00edme.","url":"https:\/\/www.karaus.cz","hasPart":[{"@type":"Article","@id":"https:\/\/www.karaus.cz\/vybavte-svuj-bazen-tak-aby-byl-v-te-nejlepsi-kondici\/","headline":"Vybavte sv\u016fj baz\u00e9n tak, aby byl v t\u00e9 nejlep\u0161\u00ed kondici","url":"https:\/\/www.karaus.cz\/vybavte-svuj-bazen-tak-aby-byl-v-te-nejlepsi-kondici\/","datePublished":"2018-08-16","dateModified":"2023-04-29","mainEntityOfPage":"https:\/\/www.karaus.cz\/vybavte-svuj-bazen-tak-aby-byl-v-te-nejlepsi-kondici\/","author":{"@type":"Person","@id":"https:\/\/www.karaus.cz\/author\/#Person","name":"karaus.cz","url":"https:\/\/www.karaus.cz\/author\/","identifier":1,"image":{"@type":"ImageObject","@id":"https:\/\/secure.gravatar.com\/avatar\/48db5b3634ed7a3f1f89bca90f0a2521b0bb3970d57e3653d258d10b0f31fdf3?s=96&d=mm&r=g","url":"https:\/\/secure.gravatar.com\/avatar\/48db5b3634ed7a3f1f89bca90f0a2521b0bb3970d57e3653d258d10b0f31fdf3?s=96&d=mm&r=g","height":96,"width":96}},"publisher":{"@type":"Organization","name":"karaus.cz","logo":{"@type":"ImageObject","@id":"\/logo.png","url":"\/logo.png","width":600,"height":60}},"image":{"@type":"ImageObject","@id":"https:\/\/www.karaus.cz\/wp-content\/uploads\/img_a324234_w2445_t1536059097.jpg","url":"https:\/\/www.karaus.cz\/wp-content\/uploads\/img_a324234_w2445_t1536059097.jpg","height":0,"width":0},"wordCount":579,"keywords":null},{"@type":"Article","@id":"https:\/\/www.karaus.cz\/pocasi-snad-zesilelo\/","headline":"Po\u010das\u00ed snad ze\u0161\u00edlelo","url":"https:\/\/www.karaus.cz\/pocasi-snad-zesilelo\/","datePublished":"2018-08-07","dateModified":"2023-04-29","mainEntityOfPage":"https:\/\/www.karaus.cz\/pocasi-snad-zesilelo\/","author":{"@type":"Person","@id":"https:\/\/www.karaus.cz\/author\/#Person","name":"karaus.cz","url":"https:\/\/www.karaus.cz\/author\/","identifier":1,"image":{"@type":"ImageObject","@id":"https:\/\/secure.gravatar.com\/avatar\/48db5b3634ed7a3f1f89bca90f0a2521b0bb3970d57e3653d258d10b0f31fdf3?s=96&d=mm&r=g","url":"https:\/\/secure.gravatar.com\/avatar\/48db5b3634ed7a3f1f89bca90f0a2521b0bb3970d57e3653d258d10b0f31fdf3?s=96&d=mm&r=g","height":96,"width":96}},"publisher":{"@type":"Organization","name":"karaus.cz","logo":{"@type":"ImageObject","@id":"\/logo.png","url":"\/logo.png","width":600,"height":60}},"image":{"@type":"ImageObject","@id":"https:\/\/www.karaus.cz\/wp-content\/uploads\/img_a323083_w2407_t1534878180.jpg","url":"https:\/\/www.karaus.cz\/wp-content\/uploads\/img_a323083_w2407_t1534878180.jpg","height":0,"width":0},"wordCount":4599,"keywords":null},{"@type":"Article","@id":"https:\/\/www.karaus.cz\/hraci-prvek-ktery-nikdy-neomrzi\/","headline":"Hrac\u00ed prvek, kter\u00fd nikdy neomrz\u00ed","url":"https:\/\/www.karaus.cz\/hraci-prvek-ktery-nikdy-neomrzi\/","datePublished":"2018-08-01","dateModified":"2023-04-29","mainEntityOfPage":"https:\/\/www.karaus.cz\/hraci-prvek-ktery-nikdy-neomrzi\/","author":{"@type":"Person","@id":"https:\/\/www.karaus.cz\/author\/#Person","name":"karaus.cz","url":"https:\/\/www.karaus.cz\/author\/","identifier":1,"image":{"@type":"ImageObject","@id":"https:\/\/secure.gravatar.com\/avatar\/48db5b3634ed7a3f1f89bca90f0a2521b0bb3970d57e3653d258d10b0f31fdf3?s=96&d=mm&r=g","url":"https:\/\/secure.gravatar.com\/avatar\/48db5b3634ed7a3f1f89bca90f0a2521b0bb3970d57e3653d258d10b0f31fdf3?s=96&d=mm&r=g","height":96,"width":96}},"publisher":{"@type":"Organization","name":"karaus.cz","logo":{"@type":"ImageObject","@id":"\/logo.png","url":"\/logo.png","width":600,"height":60}},"image":{"@type":"ImageObject","@id":"https:\/\/www.karaus.cz\/wp-content\/uploads\/img_a322012_w2407_t1533499059.jpg","url":"https:\/\/www.karaus.cz\/wp-content\/uploads\/img_a322012_w2407_t1533499059.jpg","height":0,"width":0},"wordCount":4503,"keywords":null},{"@type":"Article","@id":"https:\/\/www.karaus.cz\/bitcoiny-jsou-sazkou-na-jistotu\/","headline":"Bitcoiny jsou s\u00e1zkou na jistotu","url":"https:\/\/www.karaus.cz\/bitcoiny-jsou-sazkou-na-jistotu\/","datePublished":"2018-08-01","dateModified":"2023-04-29","mainEntityOfPage":"https:\/\/www.karaus.cz\/bitcoiny-jsou-sazkou-na-jistotu\/","author":{"@type":"Person","@id":"https:\/\/www.karaus.cz\/author\/#Person","name":"karaus.cz","url":"https:\/\/www.karaus.cz\/author\/","identifier":1,"image":{"@type":"ImageObject","@id":"https:\/\/secure.gravatar.com\/avatar\/48db5b3634ed7a3f1f89bca90f0a2521b0bb3970d57e3653d258d10b0f31fdf3?s=96&d=mm&r=g","url":"https:\/\/secure.gravatar.com\/avatar\/48db5b3634ed7a3f1f89bca90f0a2521b0bb3970d57e3653d258d10b0f31fdf3?s=96&d=mm&r=g","height":96,"width":96}},"publisher":{"@type":"Organization","name":"karaus.cz","logo":{"@type":"ImageObject","@id":"\/logo.png","url":"\/logo.png","width":600,"height":60}},"image":{"@type":"ImageObject","@id":"https:\/\/www.karaus.cz\/wp-content\/uploads\/img_a324451_w2407_t1536258923.jpg","url":"https:\/\/www.karaus.cz\/wp-content\/uploads\/img_a324451_w2407_t1536258923.jpg","height":0,"width":0},"wordCount":514,"keywords":null},{"@type":"Article","@id":"https:\/\/www.karaus.cz\/pruzne-calounicke-materialy\/","headline":"Pru\u017en\u00e9 \u010dalounick\u00e9 materi\u00e1ly","url":"https:\/\/www.karaus.cz\/pruzne-calounicke-materialy\/","datePublished":"2018-07-25","dateModified":"2023-04-29","mainEntityOfPage":"https:\/\/www.karaus.cz\/pruzne-calounicke-materialy\/","author":{"@type":"Person","@id":"https:\/\/www.karaus.cz\/author\/#Person","name":"karaus.cz","url":"https:\/\/www.karaus.cz\/author\/","identifier":1,"image":{"@type":"ImageObject","@id":"https:\/\/secure.gravatar.com\/avatar\/48db5b3634ed7a3f1f89bca90f0a2521b0bb3970d57e3653d258d10b0f31fdf3?s=96&d=mm&r=g","url":"https:\/\/secure.gravatar.com\/avatar\/48db5b3634ed7a3f1f89bca90f0a2521b0bb3970d57e3653d258d10b0f31fdf3?s=96&d=mm&r=g","height":96,"width":96}},"publisher":{"@type":"Organization","name":"karaus.cz","logo":{"@type":"ImageObject","@id":"\/logo.png","url":"\/logo.png","width":600,"height":60}},"image":{"@type":"ImageObject","@id":"https:\/\/www.karaus.cz\/wp-content\/uploads\/img_a320654_w2407_t1531983579.jpg","url":"https:\/\/www.karaus.cz\/wp-content\/uploads\/img_a320654_w2407_t1531983579.jpg","height":0,"width":0},"wordCount":4500,"keywords":null},{"@type":"Article","@id":"https:\/\/www.karaus.cz\/to-prave-pro-pohodu-kazdeho-miminka\/","headline":"To prav\u00e9 pro pohodu ka\u017ed\u00e9ho miminka","url":"https:\/\/www.karaus.cz\/to-prave-pro-pohodu-kazdeho-miminka\/","datePublished":"2018-07-23","dateModified":"2023-04-29","mainEntityOfPage":"https:\/\/www.karaus.cz\/to-prave-pro-pohodu-kazdeho-miminka\/","author":{"@type":"Person","@id":"https:\/\/www.karaus.cz\/author\/#Person","name":"karaus.cz","url":"https:\/\/www.karaus.cz\/author\/","identifier":1,"image":{"@type":"ImageObject","@id":"https:\/\/secure.gravatar.com\/avatar\/48db5b3634ed7a3f1f89bca90f0a2521b0bb3970d57e3653d258d10b0f31fdf3?s=96&d=mm&r=g","url":"https:\/\/secure.gravatar.com\/avatar\/48db5b3634ed7a3f1f89bca90f0a2521b0bb3970d57e3653d258d10b0f31fdf3?s=96&d=mm&r=g","height":96,"width":96}},"publisher":{"@type":"Organization","name":"karaus.cz","logo":{"@type":"ImageObject","@id":"\/logo.png","url":"\/logo.png","width":600,"height":60}},"image":{"@type":"ImageObject","@id":"https:\/\/www.karaus.cz\/wp-content\/uploads\/img_a320117_w2407_t1531296706.jpg","url":"https:\/\/www.karaus.cz\/wp-content\/uploads\/img_a320117_w2407_t1531296706.jpg","height":0,"width":0},"wordCount":547,"keywords":null},{"@type":"Article","@id":"https:\/\/www.karaus.cz\/zeny-to-nemaji-v-zivote-snadne\/","headline":"\u017deny to nemaj\u00ed v \u017eivot\u011b snadn\u00e9","url":"https:\/\/www.karaus.cz\/zeny-to-nemaji-v-zivote-snadne\/","datePublished":"2018-06-25","dateModified":"2023-04-29","mainEntityOfPage":"https:\/\/www.karaus.cz\/zeny-to-nemaji-v-zivote-snadne\/","author":{"@type":"Person","@id":"https:\/\/www.karaus.cz\/author\/#Person","name":"karaus.cz","url":"https:\/\/www.karaus.cz\/author\/","identifier":1,"image":{"@type":"ImageObject","@id":"https:\/\/secure.gravatar.com\/avatar\/48db5b3634ed7a3f1f89bca90f0a2521b0bb3970d57e3653d258d10b0f31fdf3?s=96&d=mm&r=g","url":"https:\/\/secure.gravatar.com\/avatar\/48db5b3634ed7a3f1f89bca90f0a2521b0bb3970d57e3653d258d10b0f31fdf3?s=96&d=mm&r=g","height":96,"width":96}},"publisher":{"@type":"Organization","name":"karaus.cz","logo":{"@type":"ImageObject","@id":"\/logo.png","url":"\/logo.png","width":600,"height":60}},"image":{"@type":"ImageObject","@id":"https:\/\/www.karaus.cz\/wp-content\/uploads\/img_a320577_w2407_t1531898956.jpg","url":"https:\/\/www.karaus.cz\/wp-content\/uploads\/img_a320577_w2407_t1531898956.jpg","height":0,"width":0},"wordCount":595,"keywords":null},{"@type":"Article","@id":"https:\/\/www.karaus.cz\/seo-specialistou-se-nestanete-pres-noc-jde-o-dlouhodoby-proces-souhrnu-teorie-a-praxe\/","headline":"SEO specialistou se nestanete p\u0159es noc, jde o dlouhodob\u00fd proces souhrnu teorie a praxe","url":"https:\/\/www.karaus.cz\/seo-specialistou-se-nestanete-pres-noc-jde-o-dlouhodoby-proces-souhrnu-teorie-a-praxe\/","datePublished":"2018-06-24","dateModified":"2023-04-29","mainEntityOfPage":"https:\/\/www.karaus.cz\/seo-specialistou-se-nestanete-pres-noc-jde-o-dlouhodoby-proces-souhrnu-teorie-a-praxe\/","author":{"@type":"Person","@id":"https:\/\/www.karaus.cz\/author\/#Person","name":"karaus.cz","url":"https:\/\/www.karaus.cz\/author\/","identifier":1,"image":{"@type":"ImageObject","@id":"https:\/\/secure.gravatar.com\/avatar\/48db5b3634ed7a3f1f89bca90f0a2521b0bb3970d57e3653d258d10b0f31fdf3?s=96&d=mm&r=g","url":"https:\/\/secure.gravatar.com\/avatar\/48db5b3634ed7a3f1f89bca90f0a2521b0bb3970d57e3653d258d10b0f31fdf3?s=96&d=mm&r=g","height":96,"width":96}},"publisher":{"@type":"Organization","name":"karaus.cz","logo":{"@type":"ImageObject","@id":"\/logo.png","url":"\/logo.png","width":600,"height":60}},"image":{"@type":"ImageObject","@id":"https:\/\/www.karaus.cz\/wp-content\/uploads\/img_a319610_w2407_t1530631710.jpg","url":"https:\/\/www.karaus.cz\/wp-content\/uploads\/img_a319610_w2407_t1530631710.jpg","height":0,"width":0},"wordCount":556,"keywords":null},{"@type":"Article","@id":"https:\/\/www.karaus.cz\/jak-to-ve-skutecnosti-bylo-s-legendou-ceskoslovenske-kultury-juliem-fucikem\/","headline":"Jak to ve skute\u010dnosti bylo s legendou \u010deskoslovensk\u00e9 kultury Juliem Fu\u010d\u00edkem?","url":"https:\/\/www.karaus.cz\/jak-to-ve-skutecnosti-bylo-s-legendou-ceskoslovenske-kultury-juliem-fucikem\/","datePublished":"2018-06-14","dateModified":"2023-04-29","mainEntityOfPage":"https:\/\/www.karaus.cz\/jak-to-ve-skutecnosti-bylo-s-legendou-ceskoslovenske-kultury-juliem-fucikem\/","author":{"@type":"Person","@id":"https:\/\/www.karaus.cz\/author\/#Person","name":"karaus.cz","url":"https:\/\/www.karaus.cz\/author\/","identifier":1,"image":{"@type":"ImageObject","@id":"https:\/\/secure.gravatar.com\/avatar\/48db5b3634ed7a3f1f89bca90f0a2521b0bb3970d57e3653d258d10b0f31fdf3?s=96&d=mm&r=g","url":"https:\/\/secure.gravatar.com\/avatar\/48db5b3634ed7a3f1f89bca90f0a2521b0bb3970d57e3653d258d10b0f31fdf3?s=96&d=mm&r=g","height":96,"width":96}},"publisher":{"@type":"Organization","name":"karaus.cz","logo":{"@type":"ImageObject","@id":"\/logo.png","url":"\/logo.png","width":600,"height":60}},"image":{"@type":"ImageObject","@id":"https:\/\/www.karaus.cz\/wp-content\/uploads\/img_a321000_w2407_t1532200532.jpg","url":"https:\/\/www.karaus.cz\/wp-content\/uploads\/img_a321000_w2407_t1532200532.jpg","height":0,"width":0},"wordCount":700,"keywords":null},{"@type":"Article","@id":"https:\/\/www.karaus.cz\/pro-rodice-skolky-a-skoly-ktere-chteji-pro-sve-deti-neco-navic\/","headline":"Pro rodi\u010de, \u0161kolky a \u0161koly, kter\u00e9 cht\u011bj\u00ed pro sv\u00e9 d\u011bti n\u011bco nav\u00edc","url":"https:\/\/www.karaus.cz\/pro-rodice-skolky-a-skoly-ktere-chteji-pro-sve-deti-neco-navic\/","datePublished":"2018-05-23","dateModified":"2023-04-29","mainEntityOfPage":"https:\/\/www.karaus.cz\/pro-rodice-skolky-a-skoly-ktere-chteji-pro-sve-deti-neco-navic\/","author":{"@type":"Person","@id":"https:\/\/www.karaus.cz\/author\/#Person","name":"karaus.cz","url":"https:\/\/www.karaus.cz\/author\/","identifier":1,"image":{"@type":"ImageObject","@id":"https:\/\/secure.gravatar.com\/avatar\/48db5b3634ed7a3f1f89bca90f0a2521b0bb3970d57e3653d258d10b0f31fdf3?s=96&d=mm&r=g","url":"https:\/\/secure.gravatar.com\/avatar\/48db5b3634ed7a3f1f89bca90f0a2521b0bb3970d57e3653d258d10b0f31fdf3?s=96&d=mm&r=g","height":96,"width":96}},"publisher":{"@type":"Organization","name":"karaus.cz","logo":{"@type":"ImageObject","@id":"\/logo.png","url":"\/logo.png","width":600,"height":60}},"image":{"@type":"ImageObject","@id":"https:\/\/www.karaus.cz\/wp-content\/uploads\/img_a317583_w2407_t1528354132.jpg","url":"https:\/\/www.karaus.cz\/wp-content\/uploads\/img_a317583_w2407_t1528354132.jpg","height":0,"width":0},"wordCount":635,"keywords":null}]},{"@context":"https:\/\/schema.org","@type":"WebSite","@id":"https:\/\/www.karaus.cz\/#website","name":"Karaus","url":"https:\/\/www.karaus.cz","potentialAction":{"@type":"SearchAction","target":"https:\/\/www.karaus.cz\/?s={search_term_string}","query-input":"required name=search_term_string"}}]