[{"@context":"https:\/\/schema.org\/","@type":"Article","@id":"https:\/\/www.karaus.cz\/ochrana-proti-slunci\/#Article","mainEntityOfPage":"https:\/\/www.karaus.cz\/ochrana-proti-slunci\/","headline":"Ochrana proti slunci","name":"Ochrana proti slunci","description":"Slun\u00ed\u010dko n\u00e1m d\u011bl\u00e1 takov\u00e9ho tich\u00e9ho spole\u010dn\u00edka po cel\u00fd rok. Nev\u00edm, jestli jste si toho v\u0161imli, ale kdy\u017e jsou zamra\u010den\u00e9 a de\u0161tiv\u00e9 dny i lidi jsou &hellip; ","datePublished":"2021-10-29","dateModified":"2023-04-29","author":{"@type":"Person","@id":"https:\/\/www.karaus.cz\/author\/#Person","name":"karaus.cz","url":"https:\/\/www.karaus.cz\/author\/","identifier":1,"image":{"@type":"ImageObject","@id":"https:\/\/secure.gravatar.com\/avatar\/48db5b3634ed7a3f1f89bca90f0a2521b0bb3970d57e3653d258d10b0f31fdf3?s=96&d=mm&r=g","url":"https:\/\/secure.gravatar.com\/avatar\/48db5b3634ed7a3f1f89bca90f0a2521b0bb3970d57e3653d258d10b0f31fdf3?s=96&d=mm&r=g","height":96,"width":96}},"publisher":{"@type":"Organization","name":"karaus.cz","logo":{"@type":"ImageObject","@id":"\/logo.png","url":"\/logo.png","width":600,"height":60}},"image":{"@type":"ImageObject","@id":"https:\/\/www.karaus.cz\/wp-content\/uploads\/sunglasses_glasses_eye_wear_1.jpg","url":"https:\/\/www.karaus.cz\/wp-content\/uploads\/sunglasses_glasses_eye_wear_1.jpg","height":0,"width":0},"url":"https:\/\/www.karaus.cz\/ochrana-proti-slunci\/","about":["N\u00e1kupy"],"wordCount":448,"articleBody":"            Slun\u00ed\u010dko n\u00e1m d\u011bl\u00e1 takov\u00e9ho tich\u00e9ho spole\u010dn\u00edka po cel\u00fd rok. Nev\u00edm, jestli jste si toho v\u0161imli, ale kdy\u017e jsou zamra\u010den\u00e9 a de\u0161tiv\u00e9 dny i lidi jsou smutn\u00ed, bez n\u00e1lady a\u017e nevrl\u00ed, proto\u017ee se ned\u00e1 nikam j\u00edt a jsou zav\u0159en\u00ed doma. Sta\u010d\u00ed, \u017ee vyleze slun\u00ed\u010dko a u\u017e je to o n\u011b\u010dem jin\u00e9m. Zlep\u0161\u00ed se pohled na sv\u011bt i n\u00e1lada. Samoz\u0159ejm\u011b, \u017ee nejv\u00edc si ho asi v\u0161ichni u\u017e\u00edvaj\u00ed v l\u00e9t\u011b o pr\u00e1zdnin\u00e1ch a dovolen\u00fdch. To se to jede k mo\u0159i nebo k babi\u010dce na d\u011bdinu, anebo jenom tak do lesa a do hor. Ale slun\u00ed\u010dko je tady cel\u00fd rok. Takov\u00fd podzim, kdy\u017e sv\u00edti p\u0159es pest\u0159e zbarven\u00e9 list\u00ed strom\u016f je n\u00e1dhern\u00e9. A taky je tady jedno obdob\u00ed ur\u010den\u00e9 zvl\u00e1\u0161t\u011b pro romantiky a t\u00edm je zima a pobyt na hor\u00e1ch. Ur\u010dit\u011b si dok\u00e1\u017eete p\u0159edstavit chatu tam n\u011bkde a kolem n\u00ed sn\u00edh kamkoliv se pod\u00edv\u00e1te, a to v\u0161echno kr\u00e1sn\u011b nasv\u00edt\u00ed slun\u00ed\u010dko. Ov\u0161em s dobou se m\u011bn\u00ed i slo\u017een\u00ed atmosf\u00e9ry a t\u00edm i s\u00edla slune\u010dn\u00edch paprsk\u016f. N\u011bkdy se lidi p\u0159ed slun\u00ed\u010dkem nechr\u00e1nili skoro v\u016fbec, nebylo to pot\u0159ebn\u00e9. Te\u010f to a\u017e tak \u00fapln\u011b neplat\u00ed. I kdy\u017e s\u00edla slun\u00ed\u010dka se m\u011bn\u00ed cel\u00fd rok nen\u00ed na \u0161kodu, a dokonce n\u011bkdy je i nutn\u00e9 se p\u0159ed n\u00edm chr\u00e1nit. V l\u00e9t\u011b jsou to slune\u010dn\u00edky, kr\u00e9my, klobouky. Ale je tady jedna v\u011bc, kterou bychom m\u011bli m\u00edt celoro\u010dn\u011b, a hned v\u00e1m \u0159eknu co to je. Mo\u017en\u00e1 budete hodn\u011b p\u0159ekvapeni a nebudete sami. Tak\u017ee co to je a na co se zam\u011b\u0159\u00edme? My se dneska zam\u011b\u0159\u00edme na d\u00e1msk\u00e9 slune\u010dn\u00ed br\u00fdle. Tak\u017ee mil\u00e9 d\u00e1my, jestli m\u00e1te z\u00e1jem o kvalitn\u00ed a modern\u00ed v\u00fdrobek sta\u010d\u00ed kdy\u017e kliknete na link v tomhle \u010dl\u00e1nku a ocitnete se v internetov\u00fdm obchod\u011b, kter\u00fd v\u00e1m nab\u00eddne pestr\u00fd a jedine\u010dn\u00fd v\u00fdb\u011br. Samoz\u0159ejm\u011b, \u017ee tenhle obch\u016fdek mohou nav\u0161t\u00edvit v\u0161ichni mysl\u00edme t\u00edm i ti kte\u0159\u00ed by cht\u011bli tento m\u00f3dn\u00ed a z\u00e1rove\u0148 ochrann\u00fd dopln\u011bk darovat jako d\u00e1rek. V klidu, pohod\u011b a s k\u00e1vi\u010dkou v ruce si vybere ka\u017ed\u00e1 sle\u010dna, mlad\u00e1 \u010di star\u00e1 pan\u00ed br\u00fdle, kter\u00e9 j\u00ed budou slu\u0161et a bude v nich vypadat hezky.                                                                                                                                                                                                                                                                                                                                                                                           4.1\/5 - (10 votes)        "},{"@context":"https:\/\/schema.org\/","@type":"BreadcrumbList","itemListElement":[{"@type":"ListItem","position":1,"name":"Ochrana proti slunci","item":"https:\/\/www.karaus.cz\/ochrana-proti-slunci\/#breadcrumbitem"}]}]