[{"@context":"https:\/\/schema.org\/","@type":"Article","@id":"https:\/\/www.karaus.cz\/nejkrasnejsi-akce-na-stredni-skole\/#Article","mainEntityOfPage":"https:\/\/www.karaus.cz\/nejkrasnejsi-akce-na-stredni-skole\/","headline":"Nejkr\u00e1sn\u011bj\u0161\u00ed akce na st\u0159edn\u00ed \u0161kole","name":"Nejkr\u00e1sn\u011bj\u0161\u00ed akce na st\u0159edn\u00ed \u0161kole","description":"Stu\u017ekovac\u00ed ve\u010d\u00edrek, to je jedna z nejkr\u00e1sn\u011bj\u0161\u00edch akc\u00ed na st\u0159edn\u00ed \u0161kole. Ka\u017ed\u00fd na stu\u017ekovac\u00ed ve\u010d\u00edrek r\u00e1d vzpom\u00edn\u00e1. Ale up\u0159\u00edmn\u011b \u0159e\u010deno, kdo nos\u00ed stu\u017eku? Necht\u011blo by &hellip; ","datePublished":"2025-02-06","dateModified":"2025-02-06","author":{"@type":"Person","@id":"https:\/\/www.karaus.cz\/author\/#Person","name":"karaus.cz","url":"https:\/\/www.karaus.cz\/author\/","identifier":1,"image":{"@type":"ImageObject","@id":"https:\/\/secure.gravatar.com\/avatar\/48db5b3634ed7a3f1f89bca90f0a2521b0bb3970d57e3653d258d10b0f31fdf3?s=96&d=mm&r=g","url":"https:\/\/secure.gravatar.com\/avatar\/48db5b3634ed7a3f1f89bca90f0a2521b0bb3970d57e3653d258d10b0f31fdf3?s=96&d=mm&r=g","height":96,"width":96}},"publisher":{"@type":"Organization","name":"karaus.cz","logo":{"@type":"ImageObject","@id":"\/logo.png","url":"\/logo.png","width":600,"height":60}},"url":"https:\/\/www.karaus.cz\/nejkrasnejsi-akce-na-stredni-skole\/","wordCount":165,"articleBody":"Stu\u017ekovac\u00ed ve\u010d\u00edrek, to je jedna z nejkr\u00e1sn\u011bj\u0161\u00edch akc\u00ed na st\u0159edn\u00ed \u0161kole. Ka\u017ed\u00fd na stu\u017ekovac\u00ed ve\u010d\u00edrek r\u00e1d vzpom\u00edn\u00e1. Ale up\u0159\u00edmn\u011b \u0159e\u010deno, kdo nos\u00ed stu\u017eku? Necht\u011blo by to n\u011bco mnohem zaj\u00edmav\u011bj\u0161\u00edho a origin\u00e1ln\u00edho? Chcete m\u00edt vzpom\u00ednku na sv\u00e9 spolu\u017e\u00e1ky? Opravdu kvalitn\u00ed vzpom\u00ednku, kter\u00e1 V\u00e1m vydr\u017e\u00ed \u0159adu let? Tak si nechte slogan vytisknout i s n\u011bjakou zda\u0159ilou kresbi\u010dkou na tri\u010dka nebo mikiny. Nab\u00eddka je rozhodn\u011b velmi bohat\u00e1. Myslet s dostate\u010dn\u00fdm p\u0159edstihem Prohl\u00e9dn\u011bte si na webov\u00fdch str\u00e1nk\u00e1ch katalog zbo\u017e\u00ed, kter\u00e9 je ur\u010deno k potiskov\u00e1n\u00ed textilu. Mno\u017estv\u00ed druh\u016f, barev, velikost\u00ed, nab\u00eddka V\u00e1s zcela jist\u011b ohrom\u00ed. Bu\u010fte origin\u00e1ln\u00ed. V\u00e1\u0161 stu\u017ekovac\u00ed ve\u010d\u00edrek za to p\u0159ece rozhodn\u011b stoj\u00ed. Ov\u0161em myslete na to s dostate\u010dn\u00fdm p\u0159edstihem, aby nebylo pozd\u011b.                                                                                                                                                                                                                                                                                                                                                                                        3.7\/5 - (4 votes)        "},{"@context":"https:\/\/schema.org\/","@type":"BreadcrumbList","itemListElement":[{"@type":"ListItem","position":1,"name":"Nejkr\u00e1sn\u011bj\u0161\u00ed akce na st\u0159edn\u00ed \u0161kole","item":"https:\/\/www.karaus.cz\/nejkrasnejsi-akce-na-stredni-skole\/#breadcrumbitem"}]}]