{"@context":"https:\/\/schema.org\/","@type":"CollectionPage","@id":"https:\/\/www.karaus.cz\/kultura\/#CollectionPage","headline":"Kultura Category","description":"","url":"https:\/\/www.karaus.cz\/kultura\/","hasPart":[{"@type":"Article","@id":"https:\/\/www.karaus.cz\/pohadkove-pribehy-pro-dospele\/","headline":"Poh\u00e1dkov\u00e9 p\u0159\u00edb\u011bhy pro dosp\u011bl\u00e9","url":"https:\/\/www.karaus.cz\/pohadkove-pribehy-pro-dospele\/","datePublished":"2025-03-03","dateModified":"2023-04-29","mainEntityOfPage":"https:\/\/www.karaus.cz\/pohadkove-pribehy-pro-dospele\/","author":{"@type":"Person","@id":"https:\/\/www.karaus.cz\/author\/#Person","name":"karaus.cz","url":"https:\/\/www.karaus.cz\/author\/","identifier":1,"image":{"@type":"ImageObject","@id":"https:\/\/secure.gravatar.com\/avatar\/48db5b3634ed7a3f1f89bca90f0a2521b0bb3970d57e3653d258d10b0f31fdf3?s=96&d=mm&r=g","url":"https:\/\/secure.gravatar.com\/avatar\/48db5b3634ed7a3f1f89bca90f0a2521b0bb3970d57e3653d258d10b0f31fdf3?s=96&d=mm&r=g","height":96,"width":96}},"publisher":{"@type":"Organization","name":"karaus.cz","logo":{"@type":"ImageObject","@id":"\/logo.png","url":"\/logo.png","width":600,"height":60}},"image":{"@type":"ImageObject","@id":"https:\/\/www.karaus.cz\/wp-content\/uploads\/img_a342621_w2407_t1555919320.jpg","url":"https:\/\/www.karaus.cz\/wp-content\/uploads\/img_a342621_w2407_t1555919320.jpg","height":0,"width":0},"keywords":null},{"@type":"Article","@id":"https:\/\/www.karaus.cz\/hudebni-festivaly\/","headline":"Hudebn\u00ed festivaly","url":"https:\/\/www.karaus.cz\/hudebni-festivaly\/","datePublished":"2025-03-02","dateModified":"2023-04-29","mainEntityOfPage":"https:\/\/www.karaus.cz\/hudebni-festivaly\/","author":{"@type":"Person","@id":"https:\/\/www.karaus.cz\/author\/#Person","name":"karaus.cz","url":"https:\/\/www.karaus.cz\/author\/","identifier":1,"image":{"@type":"ImageObject","@id":"https:\/\/secure.gravatar.com\/avatar\/48db5b3634ed7a3f1f89bca90f0a2521b0bb3970d57e3653d258d10b0f31fdf3?s=96&d=mm&r=g","url":"https:\/\/secure.gravatar.com\/avatar\/48db5b3634ed7a3f1f89bca90f0a2521b0bb3970d57e3653d258d10b0f31fdf3?s=96&d=mm&r=g","height":96,"width":96}},"publisher":{"@type":"Organization","name":"karaus.cz","logo":{"@type":"ImageObject","@id":"\/logo.png","url":"\/logo.png","width":600,"height":60}},"image":{"@type":"ImageObject","@id":"https:\/\/www.karaus.cz\/wp-content\/uploads\/img_a307787_w2407_t1519037384.jpg","url":"https:\/\/www.karaus.cz\/wp-content\/uploads\/img_a307787_w2407_t1519037384.jpg","height":0,"width":0},"keywords":null},{"@type":"Article","@id":"https:\/\/www.karaus.cz\/posledni-vylet\/","headline":"Posledn\u00ed v\u00fdlet","url":"https:\/\/www.karaus.cz\/posledni-vylet\/","datePublished":"2018-12-14","dateModified":"2023-04-29","mainEntityOfPage":"https:\/\/www.karaus.cz\/posledni-vylet\/","author":{"@type":"Person","@id":"https:\/\/www.karaus.cz\/author\/#Person","name":"karaus.cz","url":"https:\/\/www.karaus.cz\/author\/","identifier":1,"image":{"@type":"ImageObject","@id":"https:\/\/secure.gravatar.com\/avatar\/48db5b3634ed7a3f1f89bca90f0a2521b0bb3970d57e3653d258d10b0f31fdf3?s=96&d=mm&r=g","url":"https:\/\/secure.gravatar.com\/avatar\/48db5b3634ed7a3f1f89bca90f0a2521b0bb3970d57e3653d258d10b0f31fdf3?s=96&d=mm&r=g","height":96,"width":96}},"publisher":{"@type":"Organization","name":"karaus.cz","logo":{"@type":"ImageObject","@id":"\/logo.png","url":"\/logo.png","width":600,"height":60}},"image":{"@type":"ImageObject","@id":"https:\/\/www.karaus.cz\/wp-content\/uploads\/img_a331804_w2407_t1544302900.jpg","url":"https:\/\/www.karaus.cz\/wp-content\/uploads\/img_a331804_w2407_t1544302900.jpg","height":0,"width":0},"keywords":null},{"@type":"Article","@id":"https:\/\/www.karaus.cz\/jak-to-ve-skutecnosti-bylo-s-legendou-ceskoslovenske-kultury-juliem-fucikem\/","headline":"Jak to ve skute\u010dnosti bylo s legendou \u010deskoslovensk\u00e9 kultury Juliem Fu\u010d\u00edkem?","url":"https:\/\/www.karaus.cz\/jak-to-ve-skutecnosti-bylo-s-legendou-ceskoslovenske-kultury-juliem-fucikem\/","datePublished":"2018-06-14","dateModified":"2023-04-29","mainEntityOfPage":"https:\/\/www.karaus.cz\/jak-to-ve-skutecnosti-bylo-s-legendou-ceskoslovenske-kultury-juliem-fucikem\/","author":{"@type":"Person","@id":"https:\/\/www.karaus.cz\/author\/#Person","name":"karaus.cz","url":"https:\/\/www.karaus.cz\/author\/","identifier":1,"image":{"@type":"ImageObject","@id":"https:\/\/secure.gravatar.com\/avatar\/48db5b3634ed7a3f1f89bca90f0a2521b0bb3970d57e3653d258d10b0f31fdf3?s=96&d=mm&r=g","url":"https:\/\/secure.gravatar.com\/avatar\/48db5b3634ed7a3f1f89bca90f0a2521b0bb3970d57e3653d258d10b0f31fdf3?s=96&d=mm&r=g","height":96,"width":96}},"publisher":{"@type":"Organization","name":"karaus.cz","logo":{"@type":"ImageObject","@id":"\/logo.png","url":"\/logo.png","width":600,"height":60}},"image":{"@type":"ImageObject","@id":"https:\/\/www.karaus.cz\/wp-content\/uploads\/img_a321000_w2407_t1532200532.jpg","url":"https:\/\/www.karaus.cz\/wp-content\/uploads\/img_a321000_w2407_t1532200532.jpg","height":0,"width":0},"keywords":null},{"@type":"Article","@id":"https:\/\/www.karaus.cz\/pro-rodice-skolky-a-skoly-ktere-chteji-pro-sve-deti-neco-navic\/","headline":"Pro rodi\u010de, \u0161kolky a \u0161koly, kter\u00e9 cht\u011bj\u00ed pro sv\u00e9 d\u011bti n\u011bco nav\u00edc","url":"https:\/\/www.karaus.cz\/pro-rodice-skolky-a-skoly-ktere-chteji-pro-sve-deti-neco-navic\/","datePublished":"2018-05-23","dateModified":"2023-04-29","mainEntityOfPage":"https:\/\/www.karaus.cz\/pro-rodice-skolky-a-skoly-ktere-chteji-pro-sve-deti-neco-navic\/","author":{"@type":"Person","@id":"https:\/\/www.karaus.cz\/author\/#Person","name":"karaus.cz","url":"https:\/\/www.karaus.cz\/author\/","identifier":1,"image":{"@type":"ImageObject","@id":"https:\/\/secure.gravatar.com\/avatar\/48db5b3634ed7a3f1f89bca90f0a2521b0bb3970d57e3653d258d10b0f31fdf3?s=96&d=mm&r=g","url":"https:\/\/secure.gravatar.com\/avatar\/48db5b3634ed7a3f1f89bca90f0a2521b0bb3970d57e3653d258d10b0f31fdf3?s=96&d=mm&r=g","height":96,"width":96}},"publisher":{"@type":"Organization","name":"karaus.cz","logo":{"@type":"ImageObject","@id":"\/logo.png","url":"\/logo.png","width":600,"height":60}},"image":{"@type":"ImageObject","@id":"https:\/\/www.karaus.cz\/wp-content\/uploads\/img_a317583_w2407_t1528354132.jpg","url":"https:\/\/www.karaus.cz\/wp-content\/uploads\/img_a317583_w2407_t1528354132.jpg","height":0,"width":0},"keywords":null},{"@type":"Article","@id":"https:\/\/www.karaus.cz\/celorocni-mobilni-domy\/","headline":"Celoro\u010dn\u00ed mobiln\u00ed domy","url":"https:\/\/www.karaus.cz\/celorocni-mobilni-domy\/","datePublished":"2017-06-21","dateModified":"2023-04-29","mainEntityOfPage":"https:\/\/www.karaus.cz\/celorocni-mobilni-domy\/","author":{"@type":"Person","@id":"https:\/\/www.karaus.cz\/author\/#Person","name":"karaus.cz","url":"https:\/\/www.karaus.cz\/author\/","identifier":1,"image":{"@type":"ImageObject","@id":"https:\/\/secure.gravatar.com\/avatar\/48db5b3634ed7a3f1f89bca90f0a2521b0bb3970d57e3653d258d10b0f31fdf3?s=96&d=mm&r=g","url":"https:\/\/secure.gravatar.com\/avatar\/48db5b3634ed7a3f1f89bca90f0a2521b0bb3970d57e3653d258d10b0f31fdf3?s=96&d=mm&r=g","height":96,"width":96}},"publisher":{"@type":"Organization","name":"karaus.cz","logo":{"@type":"ImageObject","@id":"\/logo.png","url":"\/logo.png","width":600,"height":60}},"image":{"@type":"ImageObject","@id":"https:\/\/www.karaus.cz\/wp-content\/uploads\/img_a290324_w1765_t1502797196.jpg","url":"https:\/\/www.karaus.cz\/wp-content\/uploads\/img_a290324_w1765_t1502797196.jpg","height":0,"width":0},"keywords":null}]}