[{"@context":"https:\/\/schema.org\/","@type":"Article","@id":"https:\/\/www.karaus.cz\/kdyz-obleceni-tak-od-znacky-wolf\/#Article","mainEntityOfPage":"https:\/\/www.karaus.cz\/kdyz-obleceni-tak-od-znacky-wolf\/","headline":"Kdy\u017e oble\u010den\u00ed, tak od zna\u010dky Wolf","name":"Kdy\u017e oble\u010den\u00ed, tak od zna\u010dky Wolf","description":"Na sv\u011bt\u011b existuje tak obrovsk\u00e9 mno\u017estv\u00ed r\u016fzn\u00fdch zna\u010dek, co se t\u00fd\u010de na\u0161eho ka\u017edodenn\u00edho pr\u00e1dla, \u017ee vybrat tu spr\u00e1vnou je opravdu t\u011b\u017ek\u00e9. V\u011bt\u0161ina lid\u00ed v\u0161ak vyb\u00edr\u00e1 &hellip; ","datePublished":"2023-11-13","dateModified":"2023-11-13","author":{"@type":"Person","@id":"https:\/\/www.karaus.cz\/author\/#Person","name":"karaus.cz","url":"https:\/\/www.karaus.cz\/author\/","identifier":1,"image":{"@type":"ImageObject","@id":"https:\/\/secure.gravatar.com\/avatar\/48db5b3634ed7a3f1f89bca90f0a2521b0bb3970d57e3653d258d10b0f31fdf3?s=96&d=mm&r=g","url":"https:\/\/secure.gravatar.com\/avatar\/48db5b3634ed7a3f1f89bca90f0a2521b0bb3970d57e3653d258d10b0f31fdf3?s=96&d=mm&r=g","height":96,"width":96}},"publisher":{"@type":"Organization","name":"karaus.cz","logo":{"@type":"ImageObject","@id":"\/logo.png","url":"\/logo.png","width":600,"height":60}},"url":"https:\/\/www.karaus.cz\/kdyz-obleceni-tak-od-znacky-wolf\/","wordCount":221,"articleBody":"Na sv\u011bt\u011b existuje tak obrovsk\u00e9 mno\u017estv\u00ed r\u016fzn\u00fdch zna\u010dek, co se t\u00fd\u010de na\u0161eho ka\u017edodenn\u00edho pr\u00e1dla, \u017ee vybrat tu spr\u00e1vnou je opravdu t\u011b\u017ek\u00e9. V\u011bt\u0161ina lid\u00ed v\u0161ak vyb\u00edr\u00e1 podle ur\u010den\u00ed jednotliv\u00e9ho pr\u00e1dla. Proto ur\u010dit\u011b nebudete kupovat v\u00fdletn\u00ed bundu u v\u00fdrobce, kter\u00fd se specializuje na pracovn\u00ed vybaven\u00ed. Jestli\u017ee v\u0161ak chcete univers\u00e1ln\u00ed vybaven\u00ed, na kter\u00e9 byste se mohli spolehnout opravdu v\u017edy, pak se pod\u00edvejte na na\u0161e d\u011btsk\u00e9 oble\u010den\u00ed Wolf. To je v\u00fdhodn\u00e9 nejenom d\u00edky cen\u00e1m, ale tak\u00e9 d\u00edky jistot\u011b, \u017ee se investice do tohoto vybaven\u00ed zkr\u00e1tka vyplat\u00ed.\tJednoduch\u00e9, ale i slo\u017eit\u00e9 tvaryKa\u017ed\u00fd, kdo do t\u00e9to oblasti zainvestuje, bude nad\u0161en\u00fd nejenom z d\u016fvodu \u00faspory, ale tak\u00e9 se mu zal\u00edb\u00ed skute\u010dnost, \u017ee zainvestovali do skute\u010dn\u00e9 kvality. V\u011b\u0159\u00edme, \u017ee se v\u00e1m bude v na\u0161em internetov\u00e9m obchod\u011b nakupovat opravdu jednodu\u0161e a p\u0159\u00edjemn\u011b, abyste n\u00e1sledn\u011b mohli sv\u00e9 d\u011bti navl\u00e9knout do modern\u00edho vybaven\u00ed, kter\u00e9 bude hezky vypadat a nav\u00edc dlouho vydr\u017e\u00ed. Myslete tedy na to, \u017ee va\u0161e ratolesti jsou velmi n\u00e1ro\u010dn\u00e9, a tak byste jim m\u011bli koupit to, co pot\u0159ebuj\u00ed.                                                                                                                                                                                                                                                                                                                                                                                        4.3\/5 - (6 votes)        "},{"@context":"https:\/\/schema.org\/","@type":"BreadcrumbList","itemListElement":[{"@type":"ListItem","position":1,"name":"Kdy\u017e oble\u010den\u00ed, tak od zna\u010dky Wolf","item":"https:\/\/www.karaus.cz\/kdyz-obleceni-tak-od-znacky-wolf\/#breadcrumbitem"}]}]