[{"@context":"https:\/\/schema.org\/","@type":"Article","@id":"https:\/\/www.karaus.cz\/je-potreba-mit-v-poradku-hlavne-ucetnictvi\/#Article","mainEntityOfPage":"https:\/\/www.karaus.cz\/je-potreba-mit-v-poradku-hlavne-ucetnictvi\/","headline":"Je pot\u0159eba m\u00edt v po\u0159\u00e1dku hlavn\u011b \u00fa\u010detnictv\u00ed","name":"Je pot\u0159eba m\u00edt v po\u0159\u00e1dku hlavn\u011b \u00fa\u010detnictv\u00ed","description":"Pokud je pot\u0159eba m\u00edt n\u011bco v po\u0159\u00e1dku, je to \u00fa\u010detnictv\u00ed a cel\u00e1 \u0159ada lid\u00ed to moc dob\u0159e v\u00ed. \u00da\u010detnictv\u00ed je n\u011bco, s \u010d\u00edm m\u00e1 probl\u00e9m &hellip; ","datePublished":"2023-11-19","dateModified":"2024-05-14","author":{"@type":"Person","@id":"https:\/\/www.karaus.cz\/author\/#Person","name":"karaus.cz","url":"https:\/\/www.karaus.cz\/author\/","identifier":1,"image":{"@type":"ImageObject","@id":"https:\/\/secure.gravatar.com\/avatar\/48db5b3634ed7a3f1f89bca90f0a2521b0bb3970d57e3653d258d10b0f31fdf3?s=96&d=mm&r=g","url":"https:\/\/secure.gravatar.com\/avatar\/48db5b3634ed7a3f1f89bca90f0a2521b0bb3970d57e3653d258d10b0f31fdf3?s=96&d=mm&r=g","height":96,"width":96}},"publisher":{"@type":"Organization","name":"karaus.cz","logo":{"@type":"ImageObject","@id":"\/logo.png","url":"\/logo.png","width":600,"height":60}},"image":{"@type":"ImageObject","@id":"https:\/\/www.karaus.cz\/wp-content\/uploads\/money-2724241_1280_3.jpg","url":"https:\/\/www.karaus.cz\/wp-content\/uploads\/money-2724241_1280_3.jpg","height":0,"width":0},"url":"https:\/\/www.karaus.cz\/je-potreba-mit-v-poradku-hlavne-ucetnictvi\/","about":["Internet"],"wordCount":449,"articleBody":"   Pokud je pot\u0159eba m\u00edt n\u011bco v po\u0159\u00e1dku, je to \u00fa\u010detnictv\u00ed a cel\u00e1 \u0159ada lid\u00ed to moc dob\u0159e v\u00ed. \u00da\u010detnictv\u00ed je n\u011bco, s \u010d\u00edm m\u00e1 probl\u00e9m mnoho firem a to proto, \u017ee si nejsou schopni naj\u00edt n\u011bkoho, kdo jim n\u011bco takov\u00e9ho bude d\u011blat. \u00da\u010detnictv\u00ed je nesm\u00edrn\u011b d\u016fle\u017eit\u00e9 a v\u011b\u0159te, \u017ee je mnoho firem, kter\u00e9 \u00fa\u010detnictv\u00ed rozhodn\u011b nemaj\u00ed takov\u00e9, jak\u00e9 by jej m\u00edt m\u011bli. N\u011bkter\u00e9 firmy v n\u011bm maj\u00ed takov\u00fd nepo\u0159\u00e1dek, \u017ee kdy\u017e sv\u00e9 \u00fa\u010detnictv\u00ed n\u011bkomu p\u0159edaj\u00ed, rozhodn\u011b to nen\u00ed za p\u00e1r dn\u00ed cel\u00e9 v po\u0159\u00e1dku, proto\u017ee pokud po n\u011bkom \u010dlov\u011bk nebo firma opravuje \u00fa\u010detnictv\u00ed, na kter\u00e9 b\u011bhem p\u011bti a v\u00edce let nikdo ani nes\u00e1hl, rozhodn\u011b to nebude jen tak. Dan\u00e1 firma m\u016f\u017ee b\u00fdt r\u00e1da, \u017ee na to nikdo nep\u0159i\u0161el. \u00da\u010detnictv\u00ed je n\u011bco, co n\u011bkte\u0159\u00ed lid\u00e9 berou na lehkou v\u00e1hu, ale rozhodn\u011b by tomu tak b\u00fdt nem\u011blo. Jestli\u017ee nechcete m\u00edt zcela zbyte\u010dn\u00e9 probl\u00e9my, co\u017e m\u00edt m\u016f\u017eete, pokud nebudete m\u00edt \u00fa\u010detnictv\u00ed v po\u0159\u00e1dku, bylo by vhodn\u00e9 naj\u00edt si \u010dlov\u011bka nebo firmu, aby v\u00e1m dali \u00fa\u010detnictv\u00ed do po\u0159\u00e1dku. Uvid\u00edte, \u017ee na konec v\u0161e dob\u0159e dopadne, ale \u010d\u00edm d\u0159\u00edve se rozhodnete n\u011bkoho kontaktovat, t\u00edm l\u00e9pe, a to u\u017e jen proto, \u017ee se va\u0161e \u00fa\u010detnictv\u00ed za\u010dne d\u00e1vat do po\u0159\u00e1dku. V\u0161e m\u016f\u017ee dob\u0159e dopadnout, ale je pot\u0159eba s t\u00edm n\u011bco d\u011blat. Za\u010dn\u011bte n\u011bco takov\u00e9ho \u0159e\u0161it je\u0161t\u011b dnes. \u010c\u00edm d\u0159\u00edve roze\u0161lete popt\u00e1vky po n\u011bkom, kdo by mohl va\u0161e \u00fa\u010detnictv\u00ed \u0159e\u0161it, t\u00edm l\u00e9pe. Sami zjist\u00edte, \u017ee na konec m\u016f\u017ee v\u0161e dob\u0159e dopadnout. Vyu\u017eijte nap\u0159\u00edklad \u00fa\u010detnictv\u00ed Praha, proto\u017ee d\u00edky n\u011b\u010demu takov\u00e9mu je mo\u017en\u00e9 celou \u0159adu v\u011bc\u00ed vy\u0159e\u0161it, co\u017e mnoho lid\u00ed ur\u010dit\u011b ocen\u00ed. Rozhodn\u011b se nebojte napsat nebo zavolat, proto\u017ee jen d\u00edky tomu m\u016f\u017eete sehnat n\u011bkoho, kdo se pust\u00ed do va\u0161eho \u00fa\u010detnictv\u00ed a pokus\u00ed se ud\u011blat ve v\u0161em po\u0159\u00e1dek tak, jak je pot\u0159eba. Ud\u011blat po\u0159\u00e1dek v \u00fa\u010detnictv\u00ed je rozhodn\u011b pot\u0159eba. Uvid\u00edte, \u017ee na konec v\u0161e dob\u0159e dopadne a va\u0161e \u00fa\u010detnictv\u00ed bude v naprost\u00e9m po\u0159\u00e1dku. Je ale pot\u0159eba to za\u010d\u00edt \u0159e\u0161it. Nenech\u00e1vejte to nap\u0159\u00edklad na dal\u0161\u00ed rok. N\u011bco takov\u00e9ho rozhodn\u011b nen\u00ed dobr\u00e9 rozhodnut\u00ed.                                                                                                                                                                                                                                                                                                                                                                                          4.4\/5 - (12 votes)        "},{"@context":"https:\/\/schema.org\/","@type":"BreadcrumbList","itemListElement":[{"@type":"ListItem","position":1,"name":"Je pot\u0159eba m\u00edt v po\u0159\u00e1dku hlavn\u011b \u00fa\u010detnictv\u00ed","item":"https:\/\/www.karaus.cz\/je-potreba-mit-v-poradku-hlavne-ucetnictvi\/#breadcrumbitem"}]}]