[{"@context":"https:\/\/schema.org\/","@type":"Article","@id":"https:\/\/www.karaus.cz\/jak-to-ve-skutecnosti-bylo-s-legendou-ceskoslovenske-kultury-juliem-fucikem\/#Article","mainEntityOfPage":"https:\/\/www.karaus.cz\/jak-to-ve-skutecnosti-bylo-s-legendou-ceskoslovenske-kultury-juliem-fucikem\/","headline":"Jak to ve skute\u010dnosti bylo s legendou \u010deskoslovensk\u00e9 kultury Juliem Fu\u010d\u00edkem?","name":"Jak to ve skute\u010dnosti bylo s legendou \u010deskoslovensk\u00e9 kultury Juliem Fu\u010d\u00edkem?","description":"V prv\u00e9 \u0159ad\u011b byl komunistick\u00fdm aktivistou a politick\u00fdm novin\u00e1\u0159em. Ale tak\u00e9 byl liter\u00e1rn\u00edm kritikem a liter\u00e1rn\u00edm historikem. A v neposledn\u00ed \u0159ad\u011b odbojov\u00fdm pracovn\u00edkem protinacistick\u00e9ho odboje. &hellip; ","datePublished":"2018-06-14","dateModified":"2023-04-29","author":{"@type":"Person","@id":"https:\/\/www.karaus.cz\/author\/#Person","name":"karaus.cz","url":"https:\/\/www.karaus.cz\/author\/","identifier":1,"image":{"@type":"ImageObject","@id":"https:\/\/secure.gravatar.com\/avatar\/48db5b3634ed7a3f1f89bca90f0a2521b0bb3970d57e3653d258d10b0f31fdf3?s=96&d=mm&r=g","url":"https:\/\/secure.gravatar.com\/avatar\/48db5b3634ed7a3f1f89bca90f0a2521b0bb3970d57e3653d258d10b0f31fdf3?s=96&d=mm&r=g","height":96,"width":96}},"publisher":{"@type":"Organization","name":"karaus.cz","logo":{"@type":"ImageObject","@id":"\/logo.png","url":"\/logo.png","width":600,"height":60}},"image":{"@type":"ImageObject","@id":"https:\/\/www.karaus.cz\/wp-content\/uploads\/img_a321000_w2407_t1532200532.jpg","url":"https:\/\/www.karaus.cz\/wp-content\/uploads\/img_a321000_w2407_t1532200532.jpg","height":0,"width":0},"url":"https:\/\/www.karaus.cz\/jak-to-ve-skutecnosti-bylo-s-legendou-ceskoslovenske-kultury-juliem-fucikem\/","about":["Kultura"],"wordCount":606,"articleBody":"V prv\u00e9 \u0159ad\u011b byl komunistick\u00fdm aktivistou a politick\u00fdm novin\u00e1\u0159em. Ale tak\u00e9 byl liter\u00e1rn\u00edm kritikem a liter\u00e1rn\u00edm historikem. A v neposledn\u00ed \u0159ad\u011b odbojov\u00fdm pracovn\u00edkem protinacistick\u00e9ho odboje. Ve 20. letech byl hlavn\u011b divadeln\u00edm kritikem a \u017eurnalistou. Hojn\u011b nav\u0161t\u011bvoval prvorepublikov\u00e9 kav\u00e1rny a byl zn\u00e1m coby lev sal\u00f3n\u016f, boh\u00e9m a lama\u010d d\u00edv\u010d\u00edch srdc\u00ed. Man\u017eelstv\u00ed uzav\u0159el roku 1938 s Gustou Kode\u0159ovicovou. Oba ho brali sp\u00ed\u0161 jako formalitu a stav man\u017eelsk\u00fd jako bur\u017eoazn\u00ed p\u0159e\u017eitek. Ve svazku ale mohli \u017e\u00e1dat penzijn\u00ed \u00fastav o finan\u010dn\u00ed p\u0159\u00edsp\u011bvek. Byl z generace, kter\u00e1 se \u010dasto rozch\u00e1zela s komunistick\u00fdm hnut\u00edm. P\u0159esto Fu\u010d\u00edk stranu neopustil ani v druh\u00e9 polovin\u011b 30. let. A to i p\u0159esto, \u017ee ho zasko\u010dil sov\u011btsko-n\u011bmeck\u00fd pakt v roce 1939. Tak  v\u00e1m tro\u0161ku p\u0159ibl\u00ed\u017e\u00edm. V roce 1932 vydal soubor report\u00e1\u017e\u00ed V zemi, kde z\u00edtra znamen\u00e1 ji\u017e v\u010dera. Je to d\u00edlo, na kter\u00e9 se mus\u00ed pohl\u00ed\u017eet jako na liter\u00e1rn\u00ed d\u00edlo a ne jako na fakta. Vytvo\u0159il v n\u011bm sv\u016fj sv\u011bt. Liter\u00e1t Egon Hostovsk\u00fd, kter\u00fd \u017eil v exilu, napsal esej, ve kter\u00e9 se zam\u00fd\u0161l\u00ed, zda Fu\u010d\u00edk znal skute\u010dnost o sov\u011btsk\u00e9m Rusku a v\u011bdom\u011b klamal, nebo byl p\u0159esv\u011bd\u010den, \u017ee to tam tak opravdu vypad\u00e1. Kdy\u017e 23. 8. 1939 byl podeps\u00e1n Molotov-Ribbentrop, byl zklaman\u00fd. Je to smlouva o vz\u00e1jemn\u00e9m ne\u00fato\u010den\u00ed mezi nacistick\u00fdm N\u011bmeckem a SSSR. Fu\u010d\u00edk ode\u0161el z Prahy a distancoval se od prvn\u00edho ileg\u00e1ln\u00edho \u00daV KS\u010c a t\u00edm \u017ee v n\u011bm nep\u016fsobil, je d\u016fkaz, \u017ee nesouhlasil se sov\u011btskou politikou. V roce 1941 za\u010d\u00edn\u00e1 hledat kontakty ke komunistick\u00e9mu odboji. Jeho vstup se d\u00e1 datovat od jara 1941 a v roce 1942 byl zat\u010den. Zde vid\u00edme, \u017ee jeho aktivn\u00ed p\u016fsoben\u00ed nebylo nijak dlouh\u00e9. P\u0159esto se stihl pod\u00edlet na vyd\u00e1v\u00e1n\u00ed ileg\u00e1ln\u00edho Rud\u00e9ho pr\u00e1va i dal\u0161\u00edch periodik. Ned\u00e1 se ani \u0159\u00edct, \u017ee by byl \u010dlenem druh\u00e9ho ileg\u00e1ln\u00edho \u00fast\u0159edn\u00edho veden\u00ed, proto\u017ee by muselo b\u00fdt schv\u00e1leno Moskvou. Tehdy neexistovalo spojen\u00ed, tak nemohl b\u00fdt proces dokon\u010den. Dostal za \u00fakol vybudovat organizaci pod n\u00e1zvem N\u00e1rodn\u00ed revolu\u010dn\u00ed v\u00fdbor inteligence. Jak n\u00e1zev napov\u00edd\u00e1, jednalo se o \u201enaverbov\u00e1n\u00ed\u201c \u010desk\u00e9 inteligence. A pr\u00e1v\u011b tito lid\u00e9 jsou na ja\u0159e roku 1942 zat\u00fdk\u00e1ni. Nejv\u00fdznamn\u011bj\u0161\u00ed \u010dlov\u011bk z okruhu byl Vladislav Van\u010dura, kter\u00fd byl popraven v r\u00e1mci druh\u00e9ho stann\u00e9ho pr\u00e1va. Gestapo zatklo Fu\u010d\u00edka vlastn\u011b n\u00e1hodou. Byl v byt\u011b u man\u017eel\u016f Jel\u00ednkov\u00fdch, kter\u00e9 p\u0159ijeli zatknout. Nedok\u00e1zal p\u0159i v\u00fdsle\u0161\u00edch ml\u010det. Mluvil stejn\u011b jako ostatn\u00ed. Nebyl \u017e\u00e1dn\u00fdm neohro\u017een\u00fdm hrdinou. V jeho knize Report\u00e1\u017e psan\u00e1 na opr\u00e1tce, se k tomu p\u0159izn\u00e1v\u00e1, ale tato pas\u00e1\u017e byla pozd\u011bji cenzurov\u00e1na. Existuj\u00ed domn\u011bnky, \u017ee p\u0159i prvn\u00edm v\u00fdslechu, kdy byl skoro uml\u00e1cen, opravdu nemluvil. A\u017e pozd\u011bji, kdy zjistil, \u017ee gestapo z\u00edskalo informace sm\u011b\u0159uj\u00edc\u00ed k lidem z kultury, rozhodl se jejich pozornost v\u00e9st jin\u00fdm sm\u011brem. Byl popraven v z\u00e1\u0159\u00ed roku 1943. P\u0159esn\u00fd datum nezn\u00e1me, proto\u017ee na konci srpna \u010dekalo na popravu 400 lid\u00ed a p\u0159i bombardov\u00e1n\u00ed padla \u010d\u00e1st st\u011bn, tak\u017ee poprava byla urychlena b\u011bhem t\u0159\u00ed dn\u016f. Ka\u017edop\u00e1dn\u011b 8. 9. byla popravena v\u011bt\u0161ina z nich.                                                                                                                                                                                                                                                                                                                                                                                        4.7\/5 - (6 votes)        "},{"@context":"https:\/\/schema.org\/","@type":"BreadcrumbList","itemListElement":[{"@type":"ListItem","position":1,"name":"Jak to ve skute\u010dnosti bylo s legendou \u010deskoslovensk\u00e9 kultury Juliem Fu\u010d\u00edkem?","item":"https:\/\/www.karaus.cz\/jak-to-ve-skutecnosti-bylo-s-legendou-ceskoslovenske-kultury-juliem-fucikem\/#breadcrumbitem"}]}]