[{"@context":"https:\/\/schema.org\/","@type":"Article","@id":"https:\/\/www.karaus.cz\/jak-detem-ozivit-zahradu-o-prazdninach\/#Article","mainEntityOfPage":"https:\/\/www.karaus.cz\/jak-detem-ozivit-zahradu-o-prazdninach\/","headline":"Jak d\u011btem o\u017eivit zahradu o pr\u00e1zdnin\u00e1ch","name":"Jak d\u011btem o\u017eivit zahradu o pr\u00e1zdnin\u00e1ch","description":"V\u00edte, \u017ee va\u0161e d\u011bti mohou sp\u00e1t na zahrad\u011b klidn\u011b po cel\u00e9 l\u00e9to ve stanu? Pokud maj\u00ed alespo\u0148 trochu dobrodru\u017en\u00e9ho ducha, ur\u010dit\u011b je to bude bavit. &hellip; ","datePublished":"2018-09-15","dateModified":"2023-04-29","author":{"@type":"Person","@id":"https:\/\/www.karaus.cz\/author\/#Person","name":"karaus.cz","url":"https:\/\/www.karaus.cz\/author\/","identifier":1,"image":{"@type":"ImageObject","@id":"https:\/\/secure.gravatar.com\/avatar\/48db5b3634ed7a3f1f89bca90f0a2521b0bb3970d57e3653d258d10b0f31fdf3?s=96&d=mm&r=g","url":"https:\/\/secure.gravatar.com\/avatar\/48db5b3634ed7a3f1f89bca90f0a2521b0bb3970d57e3653d258d10b0f31fdf3?s=96&d=mm&r=g","height":96,"width":96}},"publisher":{"@type":"Organization","name":"karaus.cz","logo":{"@type":"ImageObject","@id":"\/logo.png","url":"\/logo.png","width":600,"height":60}},"image":{"@type":"ImageObject","@id":"https:\/\/www.karaus.cz\/wp-content\/uploads\/img_a326140_w2402_t1538245597.jpg","url":"https:\/\/www.karaus.cz\/wp-content\/uploads\/img_a326140_w2402_t1538245597.jpg","height":0,"width":0},"url":"https:\/\/www.karaus.cz\/jak-detem-ozivit-zahradu-o-prazdninach\/","wordCount":524,"articleBody":"\tV\u00edte, \u017ee va\u0161e d\u011bti mohou sp\u00e1t na zahrad\u011b klidn\u011b po cel\u00e9 l\u00e9to ve stanu? Pokud maj\u00ed alespo\u0148 trochu dobrodru\u017en\u00e9ho ducha, ur\u010dit\u011b je to bude bavit. Kdy\u017e jsme byli mal\u00ed, tak\u00e9 n\u00e1s rodi\u010de nech\u00e1vali p\u0159esp\u00e1vat ve stanu pod ko\u0161at\u00fdm stromem, my se n\u011b\u010deho takov\u00e9ho do\u017eadovali tak urputn\u011b, a\u017e nakonec svolili. M\u011blo to jedin\u00e9 m\u00ednus \u2013 tr\u00e1va pod stanem byla po pr\u00e1zdnin\u00e1ch koncem srpna povadl\u00e1 a \u017elut\u00e1. Na ja\u0159e p\u0159\u00ed\u0161t\u00edho roku se v\u0161ak op\u011bt zazelenala.\t\tZahradn\u00ed stanTehdy \u0161lo o docela oby\u010dejn\u00fd stan \u201e\u00e1\u010dko\u201c z impregnovan\u00e9ho textilu, dnes maj\u00ed d\u011bti k dispozici jina\u010d\u00ed komfort. Stanov\u00e9 konstrukce pro\u0161ly za ta l\u00e9ta neoby\u010dejn\u00fdm v\u00fdvojem, a i kdy\u017e jim postav\u00edte docela oby\u010dejn\u00fd p\u0159\u00edst\u0159e\u0161ek za p\u00e1r stovek z hypermarketu, v\u016fbec to nevad\u00ed. Nemus\u00ed tam p\u0159ece sp\u00e1t, kdy\u017e bude pr\u0161et.Zahradu vyzdobenou stanem m\u016f\u017eete d\u011btem vylep\u0161it mal\u00fdm kobere\u010dkem nebo b\u011bhounem pro lep\u0161\u00ed pohodl\u00ed, m\u016f\u017eete sem um\u00edstit i pol\u0161t\u00e1\u0159ky, m\u011bkk\u00fd sed\u00e1k, prost\u00edrat jim sn\u00eddan\u011b, ob\u011bdy, sva\u010diny i ve\u010de\u0159e venku p\u0159ed stanem, zkr\u00e1tka tak dlouho, dokud je to bude bavit. Span\u00ed na karimatce v m\u011bkk\u00e9m a tepl\u00e9m spac\u00e1ku m\u00e1 n\u011bco do sebe , d\u011bti jsou v\u00edce v kontaktu s okoln\u00ed p\u0159\u00edrodou a jsou nav\u00edc vystaveny proud\u011bn\u00ed pozitivn\u00ed energie z prost\u0159ed\u00ed, co\u017e je bude l\u00e9pe regenerovat a dod\u00e1vat jim vitalitu.\t\u010c\u00e1st zahrady jako letn\u00ed kinoLetn\u00ed kina m\u00edvali zejm\u00e9na mlad\u00ed lid\u00e9 v oblib\u011b ji\u017e za socialismu v 80. letech. Stala se doslova \u0161l\u00e1grem a p\u0159\u00edle\u017eitost\u00ed nesm\u011bl\u00fdch prvn\u00edch l\u00e1sek tr\u00e1vit spolu milostn\u00e1 objet\u00ed kr\u00e1tce po setm\u011bn\u00ed p\u0159i pohledu na filmov\u00e9 hity t\u00e9 doby. N\u011bco podobn\u00e9ho m\u016f\u017eete dop\u0159\u00e1t sv\u00fdm d\u011btem. Letn\u00ed kina jsou dnes op\u011bt v pop\u0159ed\u00ed z\u00e1jmu, tak pro\u010d nem\u00edt jedno soukrom\u00e9 kino na zahrad\u011b? Va\u0161e ratolesti si pozvou kamar\u00e1dy a m\u016f\u017eete prom\u00edtat. M\u011bkk\u00e9 polstrovan\u00e9 sed\u00e1ky m\u016f\u017eete rozprost\u0159\u00edt pod stromem, rozv\u011bsit na n\u011bj decentn\u00ed lampiony a projekce m\u016f\u017ee za\u010d\u00edt. Mimochodem, v\u00edte, \u017ee prom\u00edt\u00e1n\u00ed nejen film\u016f, ale i rodinn\u00fdch fotografi\u00ed projektorem je mnohem p\u016fsobiv\u011bj\u0161\u00ed, ne\u017e kdy\u017e koluj\u00ed z ruky do ruky v mal\u00e9m fotografick\u00e9m form\u00e1tu?\tTrampol\u00edna a baz\u00e9nKdo m\u00e1 to \u0161t\u011bst\u00ed, a vlastn\u00ed zapu\u0161t\u011bn\u00fd baz\u00e9n, m\u011bl by si po\u0159\u00eddit p\u0159\u00edzemn\u00ed trampol\u00ednu. Jsou to speci\u00e1ln\u011b konstruovan\u00e9 dopadov\u00e9 plochy, kter\u00e9 se instaluj\u00ed na zemsk\u00fd povrch, pod n\u00edm\u017e je vyhlouben m\u011blk\u00fd otvor. Takov\u00e1 trampol\u00edna je bezpe\u010dn\u00e1 a nehroz\u00ed t\u011b\u017ek\u00fd \u00faraz zp\u016fsoben\u00fd p\u00e1dem, kdy je horn\u00ed plocha vysoko nad zem\u00ed. Z tohoto n\u00e1\u0159ad\u00ed se pak i velmi dob\u0159e sk\u00e1\u010de do baz\u00e9nu. Nev\u011b\u0159\u00edte? Vyzkou\u0161ejte!                                                                                                                                                                                                                                                                                                                                                                                        3.8\/5 - (6 votes)        "},{"@context":"https:\/\/schema.org\/","@type":"BreadcrumbList","itemListElement":[{"@type":"ListItem","position":1,"name":"Jak d\u011btem o\u017eivit zahradu o pr\u00e1zdnin\u00e1ch","item":"https:\/\/www.karaus.cz\/jak-detem-ozivit-zahradu-o-prazdninach\/#breadcrumbitem"}]}]