[{"@context":"https:\/\/schema.org\/","@type":"Article","@id":"https:\/\/www.karaus.cz\/duchovni-vzdelani\/#Article","mainEntityOfPage":"https:\/\/www.karaus.cz\/duchovni-vzdelani\/","headline":"Duchovn\u00ed vzd\u011bl\u00e1n\u00ed","name":"Duchovn\u00ed vzd\u011bl\u00e1n\u00ed","description":"D\u0159\u00edve bylo jaksi p\u0159irozen\u00e9, \u017ee lid\u00e9 chodili v ned\u011bli do kostela, kde poslouchali k\u00e1z\u00e1n\u00ed kazatele z Bible, Kor\u00e1nu, \u010di jin\u00e9ho, podle dan\u00e9ho n\u00e1bo\u017eenstv\u00ed. Lid\u00e9 byli &hellip; ","datePublished":"2019-06-21","dateModified":"2023-04-29","author":{"@type":"Person","@id":"https:\/\/www.karaus.cz\/author\/#Person","name":"karaus.cz","url":"https:\/\/www.karaus.cz\/author\/","identifier":1,"image":{"@type":"ImageObject","@id":"https:\/\/secure.gravatar.com\/avatar\/48db5b3634ed7a3f1f89bca90f0a2521b0bb3970d57e3653d258d10b0f31fdf3?s=96&d=mm&r=g","url":"https:\/\/secure.gravatar.com\/avatar\/48db5b3634ed7a3f1f89bca90f0a2521b0bb3970d57e3653d258d10b0f31fdf3?s=96&d=mm&r=g","height":96,"width":96}},"publisher":{"@type":"Organization","name":"karaus.cz","logo":{"@type":"ImageObject","@id":"\/logo.png","url":"\/logo.png","width":600,"height":60}},"image":{"@type":"ImageObject","@id":"https:\/\/www.karaus.cz\/wp-content\/uploads\/img_a347793_w1791_t1562405426.jpg","url":"https:\/\/www.karaus.cz\/wp-content\/uploads\/img_a347793_w1791_t1562405426.jpg","height":0,"width":0},"url":"https:\/\/www.karaus.cz\/duchovni-vzdelani\/","wordCount":448,"articleBody":"D\u0159\u00edve bylo jaksi p\u0159irozen\u00e9, \u017ee lid\u00e9 chodili v ned\u011bli do kostela, kde poslouchali k\u00e1z\u00e1n\u00ed kazatele z Bible, Kor\u00e1nu, \u010di jin\u00e9ho, podle dan\u00e9ho n\u00e1bo\u017eenstv\u00ed. Lid\u00e9 byli v\u00edce pobo\u017en\u00ed, mo\u017en\u00e1 i proto, \u017ee jim to pom\u00e1halo pochopit sv\u011bt okolo nic. Co a jak, pro\u010d se v p\u0159\u00edrod\u011b d\u011bje, d\u00e1valo jimto ur\u010dit\u00e9 mor\u00e1ln\u00ed hodnoty a podn\u011bty k tomu, se zamyslet. Takov\u00e9 duchovn\u00ed vzd\u011bl\u00e1n\u00ed bylo samoz\u0159ejmost\u00ed i u d\u011bt\u00ed od ran\u00e9ho v\u011bku, kdy n\u00e1sledn\u011b ve \u0161kole m\u011bli je\u0161t\u011b st\u00e1l\u00fd p\u0159edm\u011bt katechizmus.   Duchovn\u00ed vzd\u011bl\u00e1n\u00ed pat\u0159\u00ed nejen do kl\u00e1\u0161ter\u016f a podobn\u011b, ale i dnes nese ur\u010dit\u00e9 mor\u00e1ln\u00ed hodnoty, kter\u00e9 je zapot\u0159eb\u00ed p\u0159ed\u00e1vat d\u00e1l. Av\u0161ak cht\u011bjte dnes po d\u011btech, aby chodili s V\u00e1mi ka\u017edou ned\u011bli do kostela, tak V\u00e1s prohl\u00e1s\u00ed minim\u00e1ln\u011b za bl\u00e1zna, kter\u00fd by se m\u011bl j\u00edt l\u00e9\u010dit. Ale v\u00edra a duchovn\u00ed vzd\u011bl\u00e1n\u00ed do ur\u010dit\u00e9 m\u00edry m\u00e1 i obrovskou moc l\u00e9\u010dit. L\u00e9\u010dit ne tak t\u011blo, jako du\u0161i, kter\u00e1 je dnes \u010dasto opom\u00edjena a odstrkov\u00e1na na potom. Jen\u017ee nikdo nev\u00edme, jestli to potom je\u0161t\u011b bude. Nikdo nem\u00e1me z\u00edt\u0159ek jist\u00fd.  Nebudu tu tvrdit, kter\u00e9 n\u00e1bo\u017eenstv\u00ed je lep\u0161\u00ed a kter\u00e9 hor\u0161\u00ed, nebudu V\u00e1m tu \u0159\u00edkat, jakou v\u00edru m\u00e1te vyzn\u00e1vat a jakou Svatou knihu \u010d\u00edst. Je na ka\u017ed\u00e9m, co si vybere na sv\u00e9 duchovn\u00ed cest\u011b a zda se na tuto cestu odv\u00e1\u017e\u00ed vydat. Ve v\u0161ech v\u00edr\u00e1ch, ve v\u0161ech Svat\u00fdch knih\u00e1ch je ur\u010dit\u00e9 sem\u00ednko pravdy, kterou lidstvo d\u00e1vno ztratilo a pot\u0159ebuje ho op\u011bt naj\u00edt, aby mohlo p\u0159e\u017e\u00edt. Jen\u017ee dne\u0161n\u00ed lid\u00e9 se neust\u00e1le hon\u00ed za do\u010dasn\u00fdm materi\u00e1ln\u00edm sv\u011btem a na sv\u011bt v\u011b\u010dn\u00fd, sv\u011bt duchovn\u00ed nemaj\u00ed \u010das. Ale kdy si ten \u010das ud\u011blaj\u00ed? Na smrteln\u00e9 posteli? To u\u017e bude trochu pozd\u011b, nemysl\u00edte? Je jedno, jakou duchovn\u00ed cestou se d\u00e1te, ka\u017ed\u00e1 je spr\u00e1vn\u00e1 a ka\u017ed\u00fd pot\u0159ebuje proj\u00edt jinou cestou, aby n\u011bkter\u00e9 v\u011bci pochopil d\u0159\u00edve, ne\u017e bude pozd\u011b.   Je na ka\u017ed\u00e9m, zda se rozhodne j\u00edt po duchovn\u00ed cest\u011b. Nikdo p\u0159eci netvrd\u00ed, \u017ee j\u00edt po duchovn\u00ed cest\u011b a pro\u017e\u00edt duchovn\u00ed hled\u00e1n\u00ed, mus\u00ed p\u0159er\u016fst ve fat\u00e1ln\u00ed fanatismus, kter\u00fd m\u00edsto l\u00e1sky rozs\u00e9v\u00e1 strach a smrt.                                                                                                                                                                                                                                                                                                                                                                                         3.7\/5 - (11 votes)        "},{"@context":"https:\/\/schema.org\/","@type":"BreadcrumbList","itemListElement":[{"@type":"ListItem","position":1,"name":"Duchovn\u00ed vzd\u011bl\u00e1n\u00ed","item":"https:\/\/www.karaus.cz\/duchovni-vzdelani\/#breadcrumbitem"}]}]