[{"@context":"https:\/\/schema.org\/","@type":"Article","@id":"https:\/\/www.karaus.cz\/do-nove-postele-patri-i-nova-zdravotni-matrace\/#Article","mainEntityOfPage":"https:\/\/www.karaus.cz\/do-nove-postele-patri-i-nova-zdravotni-matrace\/","headline":"Do nov\u00e9 postele pat\u0159\u00ed i nov\u00e1 zdravotn\u00ed matrace","name":"Do nov\u00e9 postele pat\u0159\u00ed i nov\u00e1 zdravotn\u00ed matrace","description":"V\u00fdb\u011br zdravotn\u00edch matrac\u00ed je skute\u010dn\u011b \u0161irok\u00fd \u0160patn\u011b se v\u00e1m sp\u00ed, bud\u00edte se v noci a celkov\u011b v\u00e1s sp\u00e1nek stoj\u00ed za starou ba\u010dkoru? Tak to nezb\u00fdv\u00e1 &hellip; ","datePublished":"2025-04-03","dateModified":"2025-04-03","author":{"@type":"Person","@id":"https:\/\/www.karaus.cz\/author\/#Person","name":"karaus.cz","url":"https:\/\/www.karaus.cz\/author\/","identifier":1,"image":{"@type":"ImageObject","@id":"https:\/\/secure.gravatar.com\/avatar\/48db5b3634ed7a3f1f89bca90f0a2521b0bb3970d57e3653d258d10b0f31fdf3?s=96&d=mm&r=g","url":"https:\/\/secure.gravatar.com\/avatar\/48db5b3634ed7a3f1f89bca90f0a2521b0bb3970d57e3653d258d10b0f31fdf3?s=96&d=mm&r=g","height":96,"width":96}},"publisher":{"@type":"Organization","name":"karaus.cz","logo":{"@type":"ImageObject","@id":"\/logo.png","url":"\/logo.png","width":600,"height":60}},"url":"https:\/\/www.karaus.cz\/do-nove-postele-patri-i-nova-zdravotni-matrace\/","wordCount":213,"articleBody":"V\u00fdb\u011br zdravotn\u00edch matrac\u00ed je skute\u010dn\u011b \u0161irok\u00fd\u0160patn\u011b se v\u00e1m sp\u00ed, bud\u00edte se v noci a celkov\u011b v\u00e1s sp\u00e1nek stoj\u00ed za starou ba\u010dkoru? Tak to nezb\u00fdv\u00e1 nic jin\u00e9ho, ne\u017e si koupit dom\u016f zdravotn\u00ed matrace do va\u0161ich postel\u00ed. P\u0159em\u00fd\u0161lejte chyt\u0159e, a za\u0159i\u010fte si sp\u00e1nek nejlep\u0161\u00ed, jak jen jde, proto\u017ee sp\u00e1nek je velice d\u016fle\u017eit\u00fd.Z nekvalitn\u00ed matrace bol\u00ed z\u00e1daPokud sp\u00edte optim\u00e1ln\u00ed dobu, ale stejn\u011b jste ka\u017ed\u00fd den nevyspal\u00ed, je to t\u00edm, \u017ee m\u00e1te \u0161patnou matraci. Tuto situaci \u0159e\u0161\u00ed pr\u00e1v\u011b zdravotn\u00ed matrace, kter\u00e9 v\u00e1m zajist\u00ed optim\u00e1ln\u00ed span\u00ed, a to kdykoliv a kdekoliv. Sta\u010d\u00ed toti\u017e jen, abyste si koupili od n\u00e1s matraci, a budete m\u00edt lep\u0161\u00ed sp\u00e1nek.V\u0161e je na v\u00e1sZ\u00e1le\u017e\u00ed jen na v\u00e1s, jestli chcete m\u00edt \u0161patn\u00fd sp\u00e1nek, nebo jestli chcete sp\u00e1t jak \u0161\u00edpkov\u00e1 R\u016f\u017eenka. Od va\u0161eho sp\u00e1nku se toti\u017e odv\u00edj\u00ed n\u00e1lada a dal\u0161\u00ed v\u011bci, a proto na sp\u00e1nku ne\u0161et\u0159ete, ale dop\u0159ejte si kvalitn\u00ed sp\u00e1nek. V\u0161e v\u00e1m mohou za\u0159\u00eddit zdravotn\u00ed matrace, a proto si je po\u0159i\u010fte i vy.                                                                                                                                                                                                                                                                                                                                                                                                "},{"@context":"https:\/\/schema.org\/","@type":"BreadcrumbList","itemListElement":[{"@type":"ListItem","position":1,"name":"Do nov\u00e9 postele pat\u0159\u00ed i nov\u00e1 zdravotn\u00ed matrace","item":"https:\/\/www.karaus.cz\/do-nove-postele-patri-i-nova-zdravotni-matrace\/#breadcrumbitem"}]}]