[{"@context":"https:\/\/schema.org\/","@type":"Article","@id":"https:\/\/www.karaus.cz\/co-vede-osvc-k-zrizovani-sidel-v-praze\/#Article","mainEntityOfPage":"https:\/\/www.karaus.cz\/co-vede-osvc-k-zrizovani-sidel-v-praze\/","headline":"Co vede OSV\u010c k z\u0159izov\u00e1n\u00ed s\u00eddel v Praze","name":"Co vede OSV\u010c k z\u0159izov\u00e1n\u00ed s\u00eddel v Praze","description":"M\u00edt s\u00eddlo osoby samostatn\u011b v\u00fdd\u011ble\u010dn\u011b \u010dinn\u00e9 (OSV\u010c) z\u0159\u00edzen\u00e9 v m\u00edst\u011b bydli\u0161t\u011b je celkem logick\u00fd krok. Nab\u00edz\u00ed se v\u0161ak mo\u017enost nahl\u00e1sit s\u00eddlo podnik\u00e1n\u00ed mimo bydli\u0161t\u011b, nap\u0159\u00edklad &hellip; ","datePublished":"2025-01-11","dateModified":"2025-01-11","author":{"@type":"Person","@id":"https:\/\/www.karaus.cz\/author\/#Person","name":"karaus.cz","url":"https:\/\/www.karaus.cz\/author\/","identifier":1,"image":{"@type":"ImageObject","@id":"https:\/\/secure.gravatar.com\/avatar\/48db5b3634ed7a3f1f89bca90f0a2521b0bb3970d57e3653d258d10b0f31fdf3?s=96&d=mm&r=g","url":"https:\/\/secure.gravatar.com\/avatar\/48db5b3634ed7a3f1f89bca90f0a2521b0bb3970d57e3653d258d10b0f31fdf3?s=96&d=mm&r=g","height":96,"width":96}},"publisher":{"@type":"Organization","name":"karaus.cz","logo":{"@type":"ImageObject","@id":"\/logo.png","url":"\/logo.png","width":600,"height":60}},"image":{"@type":"ImageObject","@id":"https:\/\/www.karaus.cz\/wp-content\/uploads\/prague-6861273_640_4.jpg","url":"https:\/\/www.karaus.cz\/wp-content\/uploads\/prague-6861273_640_4.jpg","height":0,"width":0},"url":"https:\/\/www.karaus.cz\/co-vede-osvc-k-zrizovani-sidel-v-praze\/","about":["Business"],"wordCount":416,"articleBody":"   M\u00edt s\u00eddlo osoby samostatn\u011b v\u00fdd\u011ble\u010dn\u011b \u010dinn\u00e9 (OSV\u010c) z\u0159\u00edzen\u00e9 v m\u00edst\u011b bydli\u0161t\u011b je celkem logick\u00fd krok. Nab\u00edz\u00ed se v\u0161ak mo\u017enost nahl\u00e1sit s\u00eddlo podnik\u00e1n\u00ed mimo bydli\u0161t\u011b, nap\u0159\u00edklad do velk\u00e9ho m\u011bsta, jako je Praha. S\u00eddel v Praze je dnes ji\u017e velmi mnoho a mohli bychom si tu v kr\u00e1tkosti popsat, jak\u00e9 v\u00fdhody toto \u0159e\u0161en\u00ed p\u0159in\u00e1\u0161\u00ed.Kontroln\u00ed \u010dinnost finan\u010dn\u00edch \u00fa\u0159ad\u016f \u2013 finan\u010dn\u00ed \u00fa\u0159ady prov\u00e1d\u00ed nam\u00e1tkov\u00e9 kontroly podnikaj\u00edc\u00edch subjekt\u016f a postupuj\u00ed tak, \u017ee si vyb\u00edraj\u00ed m\u00edsta dle sv\u00e9 kompetence, tedy nap\u0159\u00edklad Finan\u010dn\u00ed \u00fa\u0159ad Kladno kontroluje podnikatele v kladensk\u00e9m okrese. Jestli\u017ee tedy m\u00e1te nahl\u00e1\u0161en\u00e9 s\u00eddlo firmy t\u0159eba v Bu\u0161t\u011bhrad\u011b nebo v T\u0159ebusic\u00edch, bude se v\u00e1s toto tak\u00e9 t\u00fdkat. Ov\u0161em pokud OSV\u010c z T\u0159ebusic nahl\u00e1s\u00ed virtu\u00e1ln\u00ed s\u00eddlo firmy v Praze, spadne do kompetence p\u0159\u00edslu\u0161n\u00e9ho finan\u010dn\u00edho \u00fa\u0159adu pra\u017esk\u00e9ho obvodu, tedy nap\u0159\u00edklad Prahy 10, a tam je ji\u017e s\u00eddel nahl\u00e1\u0161eno tolik, \u017ee pravd\u011bpodobnost kontroly vych\u00e1z\u00ed cca jednou za sto a\u017e dv\u011b st\u011b let. Lid\u00e9 v obci \u2013 kdo rozhl\u00e1s\u00ed v mal\u00e9 obci, kde bydl\u00ed, \u017ee podnik\u00e1, a pochlub\u00ed se sv\u00fdmi \u00fasp\u011bchy a dokonce i obratem a ziskem, a rozhl\u00e1s\u00ed, \u017ee si d\u00edky tomu opravil d\u016fm a vym\u011bnil d\u011bravou st\u0159echu, m\u016f\u017ee se tu setkat s lidskou z\u00e1vist\u00ed. N\u011bkte\u0159\u00ed lid\u00e9 skute\u010dn\u011b nemaj\u00ed sv\u00e9 emoce pod kontrolou a mohou ze z\u00e1visti prov\u00e1d\u011bt i trestnou \u010dinnost. Jist\u011b, \u017ee z\u00e1vist je odporn\u00e1 vlastnost a je t\u0159eba se j\u00ed v\u011bnovat a pracovat na sob\u011b, ale nem\u016f\u017eete z\u00e1vistivce nutit ke zm\u011bn\u011b \u017eivotn\u00edho stylu n\u00e1sil\u00edm, m\u016f\u017eete pom\u00e1hat z\u00e1vist l\u00e9\u010dit, ale doty\u010dn\u00fd mus\u00ed m\u00edt o l\u00e9\u010dbu z\u00e1visti z\u00e1jem. V ka\u017ed\u00e9m p\u0159\u00edpad\u011b je rozumn\u00e9 ned\u00e1vat z\u00e1vistiv\u00fdm lidem mnoho p\u0159\u00edle\u017eitosti k projevu jejich negativn\u00edch emoc\u00ed a chr\u00e1nit se p\u0159ed nimi nap\u0159\u00edklad t\u00edm, \u017ee si budete pe\u010dliv\u011b st\u0159e\u017eit vlastn\u00ed soukrom\u00ed a budete se o n\u011bm zmi\u0148ovat jen tomu, komu opravdu d\u016fv\u011b\u0159ujete. N\u011bkdy je l\u00e9pe z\u016fstat v utajen\u00ed a zejm\u00e9na p\u0159ehnan\u00e9 vychloub\u00e1n\u00ed si rad\u011bji odpustit.                                                                                                                                                                                                                                                                                                                                                                                          4.2\/5 - (10 votes)        "},{"@context":"https:\/\/schema.org\/","@type":"BreadcrumbList","itemListElement":[{"@type":"ListItem","position":1,"name":"Co vede OSV\u010c k z\u0159izov\u00e1n\u00ed s\u00eddel v Praze","item":"https:\/\/www.karaus.cz\/co-vede-osvc-k-zrizovani-sidel-v-praze\/#breadcrumbitem"}]}]