[{"@context":"https:\/\/schema.org\/","@type":"Article","@id":"https:\/\/www.karaus.cz\/co-vam-rika-peceni\/#Article","mainEntityOfPage":"https:\/\/www.karaus.cz\/co-vam-rika-peceni\/","headline":"Co v\u00e1m \u0159\u00edk\u00e1 pe\u010den\u00ed?","name":"Co v\u00e1m \u0159\u00edk\u00e1 pe\u010den\u00ed?","description":"Jak jste na tom z hlediska v\u00fdroby sladk\u00fdch pochutin? Zab\u00fdv\u00e1te se jejich tvorbou profesion\u00e1ln\u011b, nebo se jednou za \u010das rozhodnete, \u017ee svoj\u00ed rodinu, nebo p\u0159\u00e1tele &hellip; ","datePublished":"2024-04-27","dateModified":"2024-04-27","author":{"@type":"Person","@id":"https:\/\/www.karaus.cz\/author\/#Person","name":"karaus.cz","url":"https:\/\/www.karaus.cz\/author\/","identifier":1,"image":{"@type":"ImageObject","@id":"https:\/\/secure.gravatar.com\/avatar\/48db5b3634ed7a3f1f89bca90f0a2521b0bb3970d57e3653d258d10b0f31fdf3?s=96&d=mm&r=g","url":"https:\/\/secure.gravatar.com\/avatar\/48db5b3634ed7a3f1f89bca90f0a2521b0bb3970d57e3653d258d10b0f31fdf3?s=96&d=mm&r=g","height":96,"width":96}},"publisher":{"@type":"Organization","name":"karaus.cz","logo":{"@type":"ImageObject","@id":"\/logo.png","url":"\/logo.png","width":600,"height":60}},"url":"https:\/\/www.karaus.cz\/co-vam-rika-peceni\/","wordCount":252,"articleBody":"Jak jste na tom z hlediska v\u00fdroby sladk\u00fdch pochutin? Zab\u00fdv\u00e1te se jejich tvorbou profesion\u00e1ln\u011b, nebo se jednou za \u010das rozhodnete, \u017ee svoj\u00ed rodinu, nebo p\u0159\u00e1tele p\u0159ekvap\u00edte n\u011b\u010d\u00edm v\u00fdjime\u010dn\u00fdm, co m\u00e1 opravdu na\u0161l\u00e1pnuto na prvn\u00ed m\u00edsta v sout\u011b\u017ei o nejlep\u0161\u00ed sladk\u00fd v\u00fdrobek? Tak jako tak, ka\u017ed\u00fd komu jen trochu z\u00e1le\u017e\u00ed na tom, jak jeho v\u00fdtvory vypadaj\u00ed, mus\u00ed pou\u017e\u00edvat cukr\u00e1\u0159sk\u00e9 pot\u0159eby, bez kter\u00fdch nen\u00ed mo\u017en\u00e9 vyladit dobroty do posledn\u00edho detailu! Nepodce\u0148ujte vynikaj\u00edc\u00ed estetick\u00fd z\u00e1\u017eitek p\u0159i konzumaci va\u0161ich v\u00fdtvor\u016f! Ano, ur\u010dit\u011b, z\u00e1le\u017e\u00ed na tom, jestli jsou v prvn\u00ed \u0159ad\u011b uspokojeny chu\u0165ov\u00e9 bu\u0148ky. Ale jestli\u017ee vlastn\u00edte t\u0159eba cukr\u00e1rnu, ur\u010dit\u011b n\u00e1m d\u00e1te za pravdu, \u017ee va\u0161i host\u00e9 vyb\u00edraj\u00ed hlavn\u011b podle oka! V tom p\u0159\u00edpad\u011b jen na v\u00e1s z\u00e1le\u017e\u00ed, jak dalece zda\u0159il\u00e9 z\u00e1kusky a dorty budete p\u0159edkl\u00e1dat!\tRuku v ruceChu\u0165 a pokouk\u00e1n\u00ed by se m\u011blo ruku v ruce snoubit v jeden gurm\u00e1nsk\u00fd z\u00e1\u017eitek! Pak m\u00e1te opravdu zaru\u010den\u00fd \u00fasp\u011bch jak u rodiny, tak u va\u0161ich z\u00e1kazn\u00edk\u016f, kte\u0159\u00ed v\u00e1s r\u00e1di a \u010dasto budou nav\u0161t\u011bvovat! Objedn\u00e1vejte u n\u00e1s pro v\u0161echny mo\u017en\u00e9 p\u0159\u00edle\u017eitosti pom\u016fcky pro va\u0161e pe\u010den\u00ed, kter\u00e9 se jen tak n\u011bkde nevid\u00ed!                                                                                                                                                                                                                                                                                                                                                                                        4.6\/5 - (9 votes)        "},{"@context":"https:\/\/schema.org\/","@type":"BreadcrumbList","itemListElement":[{"@type":"ListItem","position":1,"name":"Co v\u00e1m \u0159\u00edk\u00e1 pe\u010den\u00ed?","item":"https:\/\/www.karaus.cz\/co-vam-rika-peceni\/#breadcrumbitem"}]}]