[{"@context":"https:\/\/schema.org\/","@type":"Article","@id":"https:\/\/www.karaus.cz\/co-jsou-zac-mnozirny\/#Article","mainEntityOfPage":"https:\/\/www.karaus.cz\/co-jsou-zac-mnozirny\/","headline":"Co jsou za\u010d mno\u017e\u00edrny?","name":"Co jsou za\u010d mno\u017e\u00edrny?","description":"Pojem mno\u017e\u00edrna ps\u016f \u010di ko\u010dek se za\u010dal masivn\u011b objevovat v\u00a0m\u00e9di\u00edch od roku 2014. V\u00e1\u017ee se ke kauze moder\u00e1tora Jana Smetany, kter\u00fd koupil sv\u00e9 dce\u0159i \u0161t\u011bn\u011b &hellip; ","datePublished":"2025-03-05","dateModified":"2023-04-29","author":{"@type":"Person","@id":"https:\/\/www.karaus.cz\/author\/#Person","name":"karaus.cz","url":"https:\/\/www.karaus.cz\/author\/","identifier":1,"image":{"@type":"ImageObject","@id":"https:\/\/secure.gravatar.com\/avatar\/48db5b3634ed7a3f1f89bca90f0a2521b0bb3970d57e3653d258d10b0f31fdf3?s=96&d=mm&r=g","url":"https:\/\/secure.gravatar.com\/avatar\/48db5b3634ed7a3f1f89bca90f0a2521b0bb3970d57e3653d258d10b0f31fdf3?s=96&d=mm&r=g","height":96,"width":96}},"publisher":{"@type":"Organization","name":"karaus.cz","logo":{"@type":"ImageObject","@id":"\/logo.png","url":"\/logo.png","width":600,"height":60}},"image":{"@type":"ImageObject","@id":"https:\/\/www.karaus.cz\/wp-content\/uploads\/img_a342226_w2407_t1555074723.jpg","url":"https:\/\/www.karaus.cz\/wp-content\/uploads\/img_a342226_w2407_t1555074723.jpg","height":0,"width":0},"url":"https:\/\/www.karaus.cz\/co-jsou-zac-mnozirny\/","about":["Zv\u00ed\u0159ata"],"wordCount":426,"articleBody":"Pojem mno\u017e\u00edrna ps\u016f \u010di ko\u010dek se za\u010dal masivn\u011b objevovat v\u00a0m\u00e9di\u00edch od roku 2014. V\u00e1\u017ee se ke kauze moder\u00e1tora Jana Smetany, kter\u00fd koupil sv\u00e9 dce\u0159i \u0161t\u011bn\u011b jako d\u00e1rek k\u00a0sedm\u00fdm narozenin\u00e1m. \u0160\u0165\u011b\u0148\u00e1tko v\u0161ak brzy po zakoupen\u00ed uhynulo, a to nane\u0161t\u011bst\u00ed pr\u00e1v\u011b v\u00a0den dcer\u010din\u00fdch narozenin. Po uve\u0159ejn\u011bn\u00ed tohoto p\u0159\u00edb\u011bhu za\u010daly p\u0159ich\u00e1zet reakce stovek lid\u00ed z\u00a0cel\u00e9 republiky, kte\u0159\u00ed m\u011bli s\u00a0podobnou situac\u00ed zku\u0161enosti. A probl\u00e9m velkochovatel\u016f ps\u016f poru\u0161uj\u00edc\u00edch z\u00e1kon vy\u0161el na sv\u011btlo v\u00a0cel\u00e9 sv\u00e9 kr\u00e1se.Jak poznat mno\u017e\u00edrnu?Jednozna\u010dn\u00e1 klasifikace je \u010dasto velk\u00fdm probl\u00e9mem, jeliko\u017e tento pojem nen\u00ed jakkoliv definov\u00e1n z\u00e1konem. Jedn\u00e1 se tedy o medi\u00e1ln\u00ed pojem, kter\u00fdm jsou naz\u00fdv\u00e1ny chovatelsk\u00e9 stanice ps\u016f, kter\u00e9 spojuje n\u011bkolik spole\u010dn\u00fdch vlastnost\u00ed:\u00b4\u00a0\u00a0\u00a0\u00a0\u00a0\u00a0\u00a0 Psi jsou chov\u00e1ni pro komer\u010dn\u00ed \u00fa\u010dely. Jako mazl\u00ed\u010dci i zv\u00ed\u0159ata jsou tedy zanedb\u00e1v\u00e1ni. \u017dij\u00ed v\u00a0hrozn\u00fdch podm\u00ednk\u00e1ch \u2013 \u010dasto v\u00a0klec\u00edch s\u00a0nedostate\u010dnou hygienou a na velmi mal\u00e9m prostoru.\u00b4\u00a0\u00a0\u00a0\u00a0\u00a0\u00a0\u00a0 Feny p\u0159edstavuj\u00ed pouze prost\u0159edek k\u00a0zisku, b\u00fdvaj\u00ed proto nakr\u00fdv\u00e1ny p\u0159i ka\u017ed\u00e9m h\u00e1r\u00e1n\u00ed, co\u017e je pro n\u011b ze zdravotn\u00edho hlediska vysoce nevhodn\u00e9 \u2013 organismus pak nem\u00e1 \u010das na regeneraci.\u00b4\u00a0\u00a0\u00a0\u00a0\u00a0\u00a0\u00a0 Chovatel\u00e9 p\u0159\u00edli\u0161 nedbaj\u00ed na zdravotn\u00ed stav feny ani \u0161t\u011b\u0148at. Pokud fena nem\u016f\u017ee rodit \u0161t\u011b\u0148ata, b\u00fdv\u00e1 utracena. Ml\u00e1\u010fata zase b\u00fdvaj\u00ed odstavov\u00e1na v\u00a0p\u0159\u00edli\u0161 brzk\u00e9m v\u011bku, nap\u0159\u00edklad kolem 4 t\u00fddn\u016f, z\u00a0\u010deho\u017e plynou psychick\u00e9 a behavior\u00e1ln\u00ed probl\u00e9my. Z\u00e1konn\u00fdm chovn\u00fdm stanic\u00edm z\u00e1kony ukl\u00e1daj\u00ed, aby bylo \u0161t\u011bn\u011b odebr\u00e1no nejd\u0159\u00edve v\u00a0osmi t\u00fddnech v\u011bku.\u00b4\u00a0\u00a0\u00a0\u00a0\u00a0\u00a0\u00a0 Vzhledem v\u00fd\u0161e zm\u00edn\u011bn\u00e9mu a k\u00a0tomu, \u017ee majitel\u00e9 p\u0159i kryt\u00ed nehled\u00ed na genetiku chorob a p\u0159\u00edbuznost, b\u00fdvaj\u00ed mal\u00ed pejsci, zakoupen\u00ed z\u00a0takov\u00fdchto podm\u00ednek, po zdravotn\u00ed str\u00e1nce v\u00a0katastrof\u00e1ln\u00edm stavu.A co z\u00e1kon?Problematika mno\u017e\u00edren jako takov\u00e1 nen\u00ed dosud pr\u00e1vn\u00edm \u0159\u00e1dem n\u011bjak uspokojiv\u011b vy\u0159e\u0161ena. Jeliko\u017e tato za\u0159\u00edzen\u00ed ale spojuje fakt, \u017ee zde doch\u00e1z\u00ed k\u00a0t\u00fdr\u00e1n\u00ed zv\u00ed\u0159at, jedn\u00e1 se o z\u00e1konem zak\u00e1zanou a pr\u00e1vn\u011b posti\u017eitelnou \u010dinnost. P\u0159esto neexistence p\u0159esn\u00e9 definice t\u00e9to neleg\u00e1ln\u00ed \u010dinnosti ani trestn\u00fdch sazeb nad\u00e1le nahr\u00e1vaj\u00ed mno\u017eitel\u016fm zv\u00ed\u0159at.                                                                                                                                                                                                                                                                                                                                                                                        3.9\/5 - (8 votes)        "},{"@context":"https:\/\/schema.org\/","@type":"BreadcrumbList","itemListElement":[{"@type":"ListItem","position":1,"name":"Co jsou za\u010d mno\u017e\u00edrny?","item":"https:\/\/www.karaus.cz\/co-jsou-zac-mnozirny\/#breadcrumbitem"}]}]