[{"@context":"https:\/\/schema.org\/","@type":"Article","@id":"https:\/\/www.karaus.cz\/cestovani-po-krasach-a-zajimavostech-ceska\/#Article","mainEntityOfPage":"https:\/\/www.karaus.cz\/cestovani-po-krasach-a-zajimavostech-ceska\/","headline":"Cestov\u00e1n\u00ed po kr\u00e1s\u00e1ch a zaj\u00edmavostech \u010ceska","name":"Cestov\u00e1n\u00ed po kr\u00e1s\u00e1ch a zaj\u00edmavostech \u010ceska","description":"Mnoho lid\u00ed cestuje po r\u016fzn\u00fdch sv\u011btov\u00fdch destinac\u00edch a p\u0159itom neznaj\u00ed ani vlastn\u00ed republiku. P\u0159itom \u010cesk\u00e1 republika p\u0159edstavuje nep\u0159ebernou studnici mo\u017enost\u00ed pro cestov\u00e1n\u00ed.Cestov\u00e1n\u00ed v \u010cesku p\u0159in\u00e1\u0161\u00ed &hellip; ","datePublished":"2019-04-11","dateModified":"2023-04-29","author":{"@type":"Person","@id":"https:\/\/www.karaus.cz\/author\/#Person","name":"karaus.cz","url":"https:\/\/www.karaus.cz\/author\/","identifier":1,"image":{"@type":"ImageObject","@id":"https:\/\/secure.gravatar.com\/avatar\/48db5b3634ed7a3f1f89bca90f0a2521b0bb3970d57e3653d258d10b0f31fdf3?s=96&d=mm&r=g","url":"https:\/\/secure.gravatar.com\/avatar\/48db5b3634ed7a3f1f89bca90f0a2521b0bb3970d57e3653d258d10b0f31fdf3?s=96&d=mm&r=g","height":96,"width":96}},"publisher":{"@type":"Organization","name":"karaus.cz","logo":{"@type":"ImageObject","@id":"\/logo.png","url":"\/logo.png","width":600,"height":60}},"image":{"@type":"ImageObject","@id":"https:\/\/www.karaus.cz\/wp-content\/uploads\/img_a341769_w2694_t1554461791.jpg","url":"https:\/\/www.karaus.cz\/wp-content\/uploads\/img_a341769_w2694_t1554461791.jpg","height":0,"width":0},"url":"https:\/\/www.karaus.cz\/cestovani-po-krasach-a-zajimavostech-ceska\/","wordCount":400,"articleBody":"\tMnoho lid\u00ed cestuje po r\u016fzn\u00fdch sv\u011btov\u00fdch destinac\u00edch a p\u0159itom neznaj\u00ed ani vlastn\u00ed republiku. P\u0159itom \u010cesk\u00e1 republika p\u0159edstavuje nep\u0159ebernou studnici mo\u017enost\u00ed pro cestov\u00e1n\u00ed.Cestov\u00e1n\u00ed v \u010cesku p\u0159in\u00e1\u0161\u00ed opravu neuv\u011b\u0159iteln\u00e9 mo\u017enosti a na sv\u00e9 si p\u0159ijdou milovn\u00edci v\u0161ech mo\u017en\u00fdch druh\u016f pam\u00e1tek.\tV\u00edte, kter\u00e9 pam\u00e1tky pat\u0159\u00ed mezi ty nejnav\u0161t\u011bvovan\u011bj\u0161\u00ed? Poj\u010fme si je vyjmenovat.\t\u00a0Nejnav\u0161t\u011bvovan\u011bj\u0161\u00ed pam\u00e1tky v \u010cesk\u00e9 republice\t\tPra\u017esk\u00fd hrad\t\tZOO v Praze\t\t\u017didovsk\u00e9 muzeum v Praze\t\tN\u00e1rodn\u00ed muzeum v Praze\t\tCentrum Babylon v Liberci\t\tZOO Dv\u016fr Kr\u00e1lov\u00e9\t\tZOO Le\u0161n\u00e1\t\tN\u00e1rodn\u00ed galerie v Praze\t\tStarom\u011bstsk\u00e1 radnice v Praze\t\tPam\u00e1tn\u00edk Terez\u00edn\t\tZOO a botanick\u00e1 zahrada v Plzni\t\tZOO v Liberci\t\tZOO v Ostrav\u011b\t\tMiniuni a Slezskoostravsk\u00fd hrad v Ostrav\u011b\t\tJeskyn\u011b Moravsk\u00e9ho Krasu\t\tZOO v Olomouci\t\tZ\u00e1mek v \u010cesk\u00e9m Krumlov\u011b\t\tZ\u00e1mek v Lednici\t\tZOO v Brn\u011b\t\tPet\u0159\u00ednsk\u00e1 rozhledna v Praze\u00a0Z v\u00fd\u0161e uveden\u00e9ho vypl\u00fdv\u00e1, \u017ee nejnav\u0161t\u011bvovan\u011bj\u0161\u00ed jsou v \u010cesk\u00e9 republice zoologick\u00e9 zahrady. Na druhou stranu podobn\u00e9 \u017eeb\u0159\u00ed\u010dky jsou samoz\u0159ejm\u011b zav\u00e1d\u011bj\u00edc\u00ed, proto\u017ee v na\u0161\u00ed zemi najdeme neuv\u011b\u0159iteln\u00e9 mno\u017estv\u00ed pam\u00e1tek, kter\u00e9 rozhodn\u011b stoj\u00ed za n\u00e1v\u0161t\u011bvu. Poj\u010fme si pro zm\u011bnu d\u00e1t p\u00e1r tip\u016f na nedocen\u011bn\u00e9 pam\u00e1tky.\u00a0Nedocen\u011bn\u00e9 pam\u00e1tky\t\tZ\u00e1mek Velk\u00e9 B\u0159ezno\t\tZ\u00e1mek Stekl\u00edk\t\tKostel svat\u00e9ho Flori\u00e1na v B\u0159ezn\u011b\t\tZ\u00e1mek Duchcov\t\tHamous\u016fv statek ve Zbe\u010dn\u011b\t\tZ\u0159\u00edcenina hradu Krakovec\t\tZ\u00e1mek Veltrusy\t\tZ\u00e1mek Ho\u0159ovice\t\tZahrady pod Pra\u017esk\u00fdm hradem\t\tZ\u00e1mek Slati\u0148any\t\tHrad Lipnice\t\tZ\u00e1mek Plasy\t\tVila Stiassni v Brn\u011b\t\tZ\u00e1mek Radu\u0148\t\tD\u016fl Michal v Ostrav\u011b\t\tZ\u00e1mek N\u00e1m\u011b\u0161\u0165 nad Oslavou\t\tHrad Grab\u0161tejn\t\tZ\u00e1mek Kladruby\t\tKl\u00e1\u0161ter Zlat\u00e1 Koruna\t\tHrad Vimperk\u00a0Dosud jsme nemluvili o p\u0159\u00edrodn\u00edch pam\u00e1tk\u00e1ch v \u010cesk\u00e9 republice, kter\u00fdch je rovn\u011b\u017e zna\u010dn\u00e9 mno\u017estv\u00ed, poj\u010fme si alespo\u0148 n\u011bkter\u00e9 p\u0159ipomenout\u00a0P\u0159\u00edrodn\u00ed pam\u00e1tky v \u010cR\t\tBoub\u00ednsk\u00fd prales\t\tPrav\u010dick\u00e1 br\u00e1na\t\tLedovcov\u00e1 jezera na \u0160umav\u011b\t\tTajemn\u00e1 propast Macocha\t\tRe\u0161ovsk\u00e9 vodop\u00e1dy v Jesen\u00edk\u00e1ch\t\tZbra\u0161ovsk\u00e9 aragonitov\u00e9 jeskyn\u011b\t\tKalend\u00e1\u0159 v\u011bk\u016f v\t\tPansk\u00e1 sk\u00e1la\t\tSvato\u0161sk\u00e9 sk\u00e1ly\t\tJeskyn\u011b \u0160ipka                                                                                                                                                                                                                                                                                                                                                                                        4.4\/5 - (5 votes)        "},{"@context":"https:\/\/schema.org\/","@type":"BreadcrumbList","itemListElement":[{"@type":"ListItem","position":1,"name":"Cestov\u00e1n\u00ed po kr\u00e1s\u00e1ch a zaj\u00edmavostech \u010ceska","item":"https:\/\/www.karaus.cz\/cestovani-po-krasach-a-zajimavostech-ceska\/#breadcrumbitem"}]}]