[{"@context":"https:\/\/schema.org\/","@type":"Article","@id":"https:\/\/www.karaus.cz\/budete-vedet-o-vsech-novinkach-a-akcich\/#Article","mainEntityOfPage":"https:\/\/www.karaus.cz\/budete-vedet-o-vsech-novinkach-a-akcich\/","headline":"Budete v\u011bd\u011bt o v\u0161ech novink\u00e1ch a akc\u00edch","name":"Budete v\u011bd\u011bt o v\u0161ech novink\u00e1ch a akc\u00edch","description":"Pokud vlastn\u00edte \u00fa\u010det na soci\u00e1ln\u00ed s\u00edti zvan\u00e9 Facebook, ur\u010dit\u011b si n\u00e1\u0161 p\u0159idejte do obl\u00edben\u00fdch, proto\u017ee budete okam\u017eit\u011b v\u011bd\u011bt o v\u0161ech novink\u00e1ch a akc\u00edch, kter\u00e9 pro &hellip; ","datePublished":"2023-08-27","dateModified":"2023-08-27","author":{"@type":"Person","@id":"https:\/\/www.karaus.cz\/author\/#Person","name":"karaus.cz","url":"https:\/\/www.karaus.cz\/author\/","identifier":1,"image":{"@type":"ImageObject","@id":"https:\/\/secure.gravatar.com\/avatar\/48db5b3634ed7a3f1f89bca90f0a2521b0bb3970d57e3653d258d10b0f31fdf3?s=96&d=mm&r=g","url":"https:\/\/secure.gravatar.com\/avatar\/48db5b3634ed7a3f1f89bca90f0a2521b0bb3970d57e3653d258d10b0f31fdf3?s=96&d=mm&r=g","height":96,"width":96}},"publisher":{"@type":"Organization","name":"karaus.cz","logo":{"@type":"ImageObject","@id":"\/logo.png","url":"\/logo.png","width":600,"height":60}},"url":"https:\/\/www.karaus.cz\/budete-vedet-o-vsech-novinkach-a-akcich\/","wordCount":260,"articleBody":"Pokud vlastn\u00edte \u00fa\u010det na soci\u00e1ln\u00ed s\u00edti zvan\u00e9 Facebook, ur\u010dit\u011b si n\u00e1\u0161 p\u0159idejte do obl\u00edben\u00fdch, proto\u017ee budete okam\u017eit\u011b v\u011bd\u011bt o v\u0161ech novink\u00e1ch a akc\u00edch, kter\u00e9 pro V\u00e1s m\u00e1me a kter\u00e9 si pro V\u00e1s p\u0159ipravujeme. U\u017e nemus\u00edte ztr\u00e1cet sv\u016fj drahocenn\u00fd \u010das neust\u00e1l\u00fdm nav\u0161t\u011bvov\u00e1n\u00edm na\u0161ich internetov\u00fdch str\u00e1nek. Sta\u010d\u00ed, kdy\u017e na Facebooku p\u00e1rkr\u00e1t kliknete a v\u0161echny akce a novinky se V\u00e1m budou zobrazovat na Va\u0161\u00ed zdi. Pokud V\u00e1s n\u011bjak\u00e1 nab\u00eddka zaujme, sta\u010d\u00ed nav\u0161t\u00edvit n\u00e1\u0161 webov\u00fd port\u00e1l a objednat si nap\u0159\u00edklad pol\u0161t\u00e1\u0159e, kter\u00e9 budou pr\u00e1v\u011b zlevn\u011bn\u00e9 nebo produkty, kter\u00e9 budou \u00faplnou novinkou. Neust\u00e1le se sna\u017e\u00edme zdokonalovat, proto vym\u00fd\u0161l\u00edme r\u016fzn\u00e9 zp\u016fsoby, jak se V\u00e1m p\u0159ibl\u00ed\u017eit.Pohodln\u00fd n\u00e1kupJestli\u017ee i Vy pat\u0159\u00edte mezi ty lidi, kte\u0159\u00ed si rad\u011bji po\u0159izuj\u00ed r\u016fzn\u00e9 produkty prost\u0159ednictv\u00edm e-shopu, potom n\u00e1s ur\u010dit\u011b nav\u0161tivte a po\u0159i\u010fte si u n\u00e1s t\u0159eba n\u011bjak\u00e9 pol\u0161t\u00e1\u0159e, \u010di jin\u00fd bytov\u00fd textil, kter\u00fd se V\u00e1m zal\u00edb\u00ed. D\u00edky na\u0161emu e-shopu nebudete muset ztr\u00e1cet sv\u016fj drahocenn\u00fd \u010das osobn\u00edmi n\u00e1v\u0161t\u011bvami r\u016fzn\u00fdch prodejen. Tento zp\u016fsob n\u00e1kupu V\u00e1m zabere p\u00e1r minut a Vy ji\u017e druh\u00fd den m\u016f\u017eete m\u00edt zbo\u017e\u00ed u V\u00e1s doma.                                                                                                                                                                                                                                                                                                                                                                                        4.5\/5 - (6 votes)        "},{"@context":"https:\/\/schema.org\/","@type":"BreadcrumbList","itemListElement":[{"@type":"ListItem","position":1,"name":"Budete v\u011bd\u011bt o v\u0161ech novink\u00e1ch a akc\u00edch","item":"https:\/\/www.karaus.cz\/budete-vedet-o-vsech-novinkach-a-akcich\/#breadcrumbitem"}]}]