[{"@context":"https:\/\/schema.org\/","@type":"Article","@id":"https:\/\/www.karaus.cz\/bez-rukou-se-neobejdeme-meli-bychom-je-proto-vhodne-chranit\/#Article","mainEntityOfPage":"https:\/\/www.karaus.cz\/bez-rukou-se-neobejdeme-meli-bychom-je-proto-vhodne-chranit\/","headline":"Bez rukou se neobejdeme, m\u011bli bychom je proto vhodn\u011b chr\u00e1nit","name":"Bez rukou se neobejdeme, m\u011bli bychom je proto vhodn\u011b chr\u00e1nit","description":"A\u0165 u\u017e pracujete manu\u00e1ln\u011b s \u010d\u00edmkoli, tak jist\u00e9 je, \u017ee p\u0159i pr\u00e1ci pot\u0159ebujete sv\u00e9 ruce n\u00e1le\u017eit\u011b chr\u00e1nit, aby nedo\u0161lo k jejich poran\u011bn\u00ed. A tato ochrana &hellip; ","datePublished":"2017-09-13","dateModified":"2023-04-29","author":{"@type":"Person","@id":"https:\/\/www.karaus.cz\/author\/#Person","name":"karaus.cz","url":"https:\/\/www.karaus.cz\/author\/","identifier":1,"image":{"@type":"ImageObject","@id":"https:\/\/secure.gravatar.com\/avatar\/48db5b3634ed7a3f1f89bca90f0a2521b0bb3970d57e3653d258d10b0f31fdf3?s=96&d=mm&r=g","url":"https:\/\/secure.gravatar.com\/avatar\/48db5b3634ed7a3f1f89bca90f0a2521b0bb3970d57e3653d258d10b0f31fdf3?s=96&d=mm&r=g","height":96,"width":96}},"publisher":{"@type":"Organization","name":"karaus.cz","logo":{"@type":"ImageObject","@id":"\/logo.png","url":"\/logo.png","width":600,"height":60}},"image":{"@type":"ImageObject","@id":"https:\/\/www.karaus.cz\/wp-content\/uploads\/img_a297843_w2032_t1508226290.jpg","url":"https:\/\/www.karaus.cz\/wp-content\/uploads\/img_a297843_w2032_t1508226290.jpg","height":0,"width":0},"url":"https:\/\/www.karaus.cz\/bez-rukou-se-neobejdeme-meli-bychom-je-proto-vhodne-chranit\/","about":["Business"],"wordCount":354,"articleBody":"A\u0165 u\u017e pracujete manu\u00e1ln\u011b s \u010d\u00edmkoli, tak jist\u00e9 je, \u017ee p\u0159i pr\u00e1ci pot\u0159ebujete sv\u00e9 ruce n\u00e1le\u017eit\u011b chr\u00e1nit, aby nedo\u0161lo k jejich poran\u011bn\u00ed. A tato ochrana by m\u011bla v\u017edy adekv\u00e1tn\u011b odpov\u00eddat pr\u00e1ci, kterou prov\u00e1d\u00edte, jej\u00ed n\u00e1ro\u010dnosti a mo\u017en\u00fdm rizik\u016fm, kter\u00e1 z n\u00ed vypl\u00fdvaj\u00ed.Pokud tedy manipulujete s nebezpe\u010dn\u00fdmi chemik\u00e1liemi, tak jist\u011b ocen\u00edte PVC rukavice anebo rukavice m\u00e1\u010den\u00e9 v nitrilu \u010di v latexu, pokud pracujete s hork\u00fdmi p\u0159edm\u011bty, budou se v\u00e1m hodit tepeln\u011b odoln\u00e9 rukavice \u010di rukavice sv\u00e1\u0159ec\u00ed, anebo pokud sv\u00e9 ruce pot\u0159ebujete obecn\u011b chr\u00e1nit p\u0159ed po\u0161kozen\u00edm jako jsou r\u016fzn\u00e9 od\u0159eniny a zad\u0159en\u00e9 t\u0159\u00edsky \u010di kovov\u00e9 \u0161pony, pak se v\u00e1m budou hodit rukavice celoko\u017een\u00e9 \u010di kombinovan\u00e9 anebo t\u0159eba je\u0161t\u011b \u00fapln\u011b jin\u00e9, v\u017edy podle druhu prov\u00e1d\u011bn\u00e9 \u010dinnosti. D\u016fle\u017eit\u00e9 v\u0161ak je, abyste m\u011bli k dispozici dostatek typ\u016f kvalitn\u00edch pracovn\u00edch rukavic , ze kter\u00fdch si m\u016f\u017eete vybrat pr\u00e1v\u011b ty, kter\u00e9 pot\u0159ebujete. T\u00edm sp\u00ed\u0161e, pokud zam\u011bstn\u00e1v\u00e1te pracovn\u00edky, kte\u0159\u00ed pracuj\u00ed v rizikov\u00e9m prost\u0159ed\u00ed, tak pak je jednozna\u010dn\u011b mus\u00edte vybavit kvalitn\u00edmi ochrann\u00fdmi pracovn\u00edmi pom\u016fckami, aby nedo\u0161lo k ohro\u017een\u00ed jejich zdrav\u00ed, proto\u017ee nikdo nikdy nev\u00ed, co se m\u016f\u017ee i z takov\u00e9 men\u0161\u00ed od\u0159eniny \u010di pop\u00e1leniny vyvinout. A v\u0161ichni naopak moc dob\u0159e v\u00edme, \u017ee zdrav\u00ed m\u00e1me jen jedno, a proto je d\u016fle\u017eit\u00e9 jej chr\u00e1nit. Nev\u00e1hejte proto v\u017edy vyu\u017e\u00edvat odpov\u00eddaj\u00edc\u00ed ochrann\u00e9 pracovn\u00ed pom\u016fcky, a to i v p\u0159\u00edpad\u011b, \u017ee se t\u0159eba chyst\u00e1te na pr\u00e1ci na zahrad\u011b, kde se v\u00e1m zd\u00e1nliv\u011b nem\u016f\u017ee nic st\u00e1t. Ov\u0161em i p\u0159i takov\u00e9m plet\u00ed, okop\u00e1v\u00e1n\u00ed anebo \u0161t\u00edp\u00e1n\u00ed d\u0159eva si m\u016f\u017eeme p\u0159ivodit nep\u0159\u00edjemn\u00fd \u00faraz t\u00fdkaj\u00edc\u00ed se na\u0161ich rukou.                                                                                                                                                                                                                                                                                                                                                                                         3.8\/5 - (6 votes)        "},{"@context":"https:\/\/schema.org\/","@type":"BreadcrumbList","itemListElement":[{"@type":"ListItem","position":1,"name":"Bez rukou se neobejdeme, m\u011bli bychom je proto vhodn\u011b chr\u00e1nit","item":"https:\/\/www.karaus.cz\/bez-rukou-se-neobejdeme-meli-bychom-je-proto-vhodne-chranit\/#breadcrumbitem"}]}]