[{"@context":"https:\/\/schema.org\/","@type":"Article","@id":"https:\/\/www.karaus.cz\/aspon-den-klidu\/#Article","mainEntityOfPage":"https:\/\/www.karaus.cz\/aspon-den-klidu\/","headline":"Aspo\u0148 den klidu","name":"Aspo\u0148 den klidu","description":"Nemocensk\u00e1 jako takov\u00e1 se u n\u00e1s dlouho propl\u00e1cela a\u017e po t\u0159ech dnech doma. V\u00a0sou\u010dasn\u00e9 dob\u011b se ale za\u010d\u00edn\u00e1 op\u011bt mluvit o tom, \u017ee by se &hellip; ","datePublished":"2025-03-06","dateModified":"2023-04-29","author":{"@type":"Person","@id":"https:\/\/www.karaus.cz\/author\/#Person","name":"karaus.cz","url":"https:\/\/www.karaus.cz\/author\/","identifier":1,"image":{"@type":"ImageObject","@id":"https:\/\/secure.gravatar.com\/avatar\/48db5b3634ed7a3f1f89bca90f0a2521b0bb3970d57e3653d258d10b0f31fdf3?s=96&d=mm&r=g","url":"https:\/\/secure.gravatar.com\/avatar\/48db5b3634ed7a3f1f89bca90f0a2521b0bb3970d57e3653d258d10b0f31fdf3?s=96&d=mm&r=g","height":96,"width":96}},"publisher":{"@type":"Organization","name":"karaus.cz","logo":{"@type":"ImageObject","@id":"\/logo.png","url":"\/logo.png","width":600,"height":60}},"image":{"@type":"ImageObject","@id":"https:\/\/www.karaus.cz\/wp-content\/uploads\/img_a315816_w2407_t1526719347.jpg","url":"https:\/\/www.karaus.cz\/wp-content\/uploads\/img_a315816_w2407_t1526719347.jpg","height":0,"width":0},"url":"https:\/\/www.karaus.cz\/aspon-den-klidu\/","about":["Business"],"wordCount":430,"articleBody":"Nemocensk\u00e1 jako takov\u00e1 se u n\u00e1s dlouho propl\u00e1cela a\u017e po t\u0159ech dnech doma. V\u00a0sou\u010dasn\u00e9 dob\u011b se ale za\u010d\u00edn\u00e1 op\u011bt mluvit o tom, \u017ee by se m\u011blo propl\u00e1cet i prvn\u00edch dvaasedmdes\u00e1t hodin. Jedni slav\u00ed. Pro\u010d? Poukazuj\u00ed na to, \u017ee zejm\u00e9na v\u00a0modern\u00edch kancel\u00e1\u0159\u00edch typu open space je jak\u00e1koli n\u00e1kaza \u0161\u00ed\u0159\u00ed rychlost\u00ed blesku, tak\u017ee jeden \u010dlov\u011bk s\u00a0hore\u010dkou bohat\u011b sta\u010d\u00ed na to, aby z\u00e1hy ka\u0161lalo cel\u00e9 patro. T\u0159i dny nemocensk\u00e9 tak paradoxn\u011b mohou zam\u011bstnavatele zachr\u00e1nit od toho, aby musel narychlo \u0159e\u0161it, \u017ee mu s\u00a0ch\u0159ipkou ulehla p\u016flka firmy.Krom\u011b toho, p\u00e1r dn\u00ed v\u00a0posteli se m\u016f\u017ee rovnat i t\u00fddnu, b\u011bhem kter\u00e9ho bude doty\u010dn\u00fd nebo doty\u010dn\u00e1 chodit okolo, smrkat, ka\u0161lat, pr\u00e1ce z\u00a0nich stejn\u011b moc nedostanete, a nakonec je nemoc stejn\u011b dostihne. Na druhou stranu jsou ale i lid\u00e9, co se boj\u00ed, \u017ee placen\u00e9 prvn\u00ed t\u0159i dny nemocensk\u00e9 povedou p\u0159edev\u0161\u00edm k\u00a0tomu, \u017ee si na nich zam\u011bstnanci budou kur\u00fdrovat vinnou ch\u0159ipku, takt\u00e9\u017e zn\u00e1mou jako kocovina. Pokud n\u011bkdo v\u00a0pond\u011bl\u00ed r\u00e1no zavol\u00e1, \u017ee je mu stra\u0161n\u011b zle, a \u017ee m\u00e1 asi ch\u0159ipku, ale v\u00a0\u00fater\u00fd u\u017e vesele pob\u00edh\u00e1 po kancel\u00e1\u0159i, existuje d\u016fvod pro podez\u0159en\u00ed, \u017ee ona \u201ech\u0159ipka\u201c m\u011bla co d\u011blat s\u00a0t\u011bmi p\u011bti pan\u00e1ky tequilly.Probl\u00e9m je, \u017ee zejm\u00e9na st\u00e1tn\u00ed podniky obvykle nemaj\u00ed takzvan\u00e9 sick days. To jsou asi t\u0159i a\u017e p\u011bt dn\u00ed v\u00a0roce, kdy v\u00e1m projde, \u017ee prost\u011b r\u00e1no zavol\u00e1te, \u017ee v\u00e1m je p\u0159\u00ed\u0161ern\u011b zle, a \u017ee budete ten den doma. Obvykle se v\u00e1s v\u00a0takov\u00e9m p\u0159\u00edpad\u011b nikdo na nic nept\u00e1, ani v\u00e1s nejdou kontrolovat, ale prost\u011b to vezmou tak, \u017ee bu\u010f jste den p\u0159edt\u00edm n\u011bkde \u0159\u00e1dili v\u00edc, ne\u017e bylo zdr\u00e1vo, nebo je v\u00e1m v\u00e1\u017en\u011b jenom \u0161patn\u011b. Spousta t\u011bchto stav\u016f zase rychle odezn\u00ed, a druh\u00fd den u\u017e jste norm\u00e1ln\u011b schopni fungovat.Sick days krom\u011b toho pom\u00e1haj\u00ed i t\u0159eba rodi\u010d\u016fm, kter\u00fdm n\u00e1hle onemocn\u00ed potomek, a oni mus\u00ed narychlo \u0159e\u0161it, co s\u00a0t\u00edm. Dvacet \u010dty\u0159i hodin \u010dasto pln\u011b sta\u010d\u00ed na zmobilizov\u00e1n\u00ed ch\u016fvy nebo prarodi\u010d\u016f. Tak\u017ee ne\u017e \u0159e\u0161it placenou nemocenskou, mo\u017en\u00e1 by st\u00e1lo za to se zamyslet nad t\u00edm, jak umo\u017enit zam\u011bstnanc\u016fm flexibiln\u011bj\u0161\u00ed \u017eivot. \u00a0\u00a0                                                                                                                                                                                                                                                                                                                                                                                        4.5\/5 - (11 votes)        "},{"@context":"https:\/\/schema.org\/","@type":"BreadcrumbList","itemListElement":[{"@type":"ListItem","position":1,"name":"Aspo\u0148 den klidu","item":"https:\/\/www.karaus.cz\/aspon-den-klidu\/#breadcrumbitem"}]}]